{"id":15147,"date":"2025-03-19T13:05:06","date_gmt":"2025-03-19T19:05:06","guid":{"rendered":"https:\/\/viajamagazine.com\/?p=15147"},"modified":"2025-03-19T19:05:07","modified_gmt":"2025-03-19T19:05:07","slug":"ampliacion-israel-intensificara-ataques-contra-gaza-y-negociaciones-solo-seran-bajo-fuego-dice-primer-ministro-israeli","status":"publish","type":"post","link":"https:\/\/viajamagazine.com\/?p=15147","title":{"rendered":"Ampliaci\u00f3n: Israel intensificar\u00e1 ataques contra Gaza y negociaciones \u00abs\u00f3lo ser\u00e1n bajo fuego\u00bb, dice primer ministro israel\u00ed"},"content":{"rendered":"<p>JERUSAL\u00c9N, 18 mar (Xinhua) &#8212; El primer ministro de Israel, Benjamin Netanyahu, dijo hoy que Israel intensificar\u00e1 sus renovados ataques contra la Franja de Gaza y que \u00aba partir de ahora, las negociaciones (sobre un cese al fuego en Gaza) s\u00f3lo tendr\u00e1n lugar bajo fuego\u00bb. \u00abHemos regresado a los enfrentamientos con toda la fuerza\u00bb, dijo Netanyahu en un mensaje por televisi\u00f3n. \u00abA partir de ahora, Israel actuar\u00e1 contra Hamas con cada vez m\u00e1s intensidad\u00bb. \u00abHamas ya ha sentido el peso de nuestro poder en las \u00faltimas 24 horas\u00bb, dijo. \u00abY quiero prometerles a ustedes y a ellos que esto s\u00f3lo es el comienzo\u00bb. \u00abSeguiremos combatiendo hasta lograr todos los objetivos de la guerra: liberar a todos nuestros rehenes, eliminar a Hamas y garantizar que Gaza ya no represente una amenaza para Israel\u00bb, dijo Netanyahu, y a\u00f1adi\u00f3 que \u00abestamos dando nueva forma al Medio Oriente\u00bb. Netanyahu afirm\u00f3 que el ataque sorpresivo de anoche fue lanzado debido a que Hamas rechaz\u00f3 las propuestas de Israel y Estados Unidos para extender la primera etapa del acuerdo de cese al fuego en Gaza que finaliz\u00f3 el 1 de marzo. Las propuestas exig\u00edan prolongar la primera etapa y que Hamas liberara rehenes adicionales. \u00abLa presi\u00f3n militar es una condici\u00f3n necesaria para la liberaci\u00f3n de rehenes adicionales\u00bb, dijo el primer ministro, y descart\u00f3 los informes de los medios de que el ataque renovado contra Gaza tuviera como objetivo garantizar su supervivencia pol\u00edtica. Hoy con anterioridad, el ministro israel\u00ed de Relaciones Exteriores, Gideon Sa&#8217;ar, dijo que el ataque renovado de Israel contra Gaza no es \u00abuna operaci\u00f3n de un d\u00eda\u00bb. Sa&#8217;ar dijo en Jerusal\u00e9n al Comit\u00e9 de Asuntos P\u00fablicos Estadounidense-Israel\u00ed, un importante grupo de cabildeo proisrael\u00ed con sede en Washington, que la decisi\u00f3n inicial de lanzar los ataques fue tomada \u00abhace varios d\u00edas\u00bb. El ministro tambi\u00e9n confirm\u00f3 que funcionarios de la administraci\u00f3n del presidente estadounidense, Donald Trump, \u00abfueron informados antes de los ataques y los apoyaron\u00bb. De acuerdo con cifras dadas a conocer por el ej\u00e9rcito israel\u00ed, las fuerzas israel\u00edes lanzaron en las primeras horas de hoy alrededor de 80 ataques a\u00e9reos contra Gaza en apenas 10 minutos. Los ataques a\u00e9reos, que hasta ahora han cobrado la vida de m\u00e1s de 400 personas, fueron condenados de forma generalizada por la comunidad internacional. Fin<\/p>\n","protected":false},"excerpt":{"rendered":"<p>JERUSAL\u00c9N, 18 mar (Xinhua) &#8212; El primer ministro de Israel, Benjamin Netanyahu, dijo hoy que&#8230;<\/p>\n","protected":false},"author":1,"featured_media":0,"comment_status":"open","ping_status":"closed","sticky":false,"template":"","format":"standard","meta":{"footnotes":""},"categories":[2],"tags":[],"class_list":["post-15147","post","type-post","status-publish","format-standard","hentry","category-internacional"],"_links":{"self":[{"href":"https:\/\/viajamagazine.com\/index.php?rest_route=\/wp\/v2\/posts\/15147","targetHints":{"allow":["GET"]}}],"collection":[{"href":"https:\/\/viajamagazine.com\/index.php?rest_route=\/wp\/v2\/posts"}],"about":[{"href":"https:\/\/viajamagazine.com\/index.php?rest_route=\/wp\/v2\/types\/post"}],"author":[{"embeddable":true,"href":"https:\/\/viajamagazine.com\/index.php?rest_route=\/wp\/v2\/users\/1"}],"replies":[{"embeddable":true,"href":"https:\/\/viajamagazine.com\/index.php?rest_route=%2Fwp%2Fv2%2Fcomments&post=15147"}],"version-history":[{"count":1,"href":"https:\/\/viajamagazine.com\/index.php?rest_route=\/wp\/v2\/posts\/15147\/revisions"}],"predecessor-version":[{"id":15148,"href":"https:\/\/viajamagazine.com\/index.php?rest_route=\/wp\/v2\/posts\/15147\/revisions\/15148"}],"wp:attachment":[{"href":"https:\/\/viajamagazine.com\/index.php?rest_route=%2Fwp%2Fv2%2Fmedia&parent=15147"}],"wp:term":[{"taxonomy":"category","embeddable":true,"href":"https:\/\/viajamagazine.com\/index.php?rest_route=%2Fwp%2Fv2%2Fcategories&post=15147"},{"taxonomy":"post_tag","embeddable":true,"href":"https:\/\/viajamagazine.com\/index.php?rest_route=%2Fwp%2Fv2%2Ftags&post=15147"}],"curies":[{"name":"wp","href":"https:\/\/api.w.org\/{rel}","templated":true}]}}