{"id":15143,"date":"2025-03-19T13:04:22","date_gmt":"2025-03-19T19:04:22","guid":{"rendered":"https:\/\/viajamagazine.com\/?p=15143"},"modified":"2025-03-19T19:04:23","modified_gmt":"2025-03-19T19:04:23","slug":"ampliacion-israel-intercepta-misil-lanzado-por-huties-de-yemen","status":"publish","type":"post","link":"https:\/\/viajamagazine.com\/?p=15143","title":{"rendered":"Ampliaci\u00f3n: Israel intercepta misil lanzado por hut\u00edes de Yemen"},"content":{"rendered":"<p>JERUSAL\u00c9N\/SAN\u00c1, 18 mar (Xinhua) &#8212; El ej\u00e9rcito israel\u00ed dijo haber interceptado un misil bal\u00edstico lanzado hoy martes desde Yemen por el grupo hut\u00ed. El misil activ\u00f3 las sirenas de ataque a\u00e9reo en todo el sur de Israel. \u00abDespu\u00e9s de la activaci\u00f3n de las sirenas hace poco en el centro y sur de N\u00e9guev, un misil lanzado desde Yemen fue interceptado por la FAI (Fuerza A\u00e9rea Israel\u00ed) antes de cruzar hacia territorio israel\u00ed\u00bb, dijo el ej\u00e9rcito en una declaraci\u00f3n. Hoy m\u00e1s tarde, el grupo hut\u00ed se responsabiliz\u00f3 del ataque. El vocero militar hut\u00ed, Yahya Sarea, dijo en una declaraci\u00f3n transmitida por la televisi\u00f3n hut\u00ed Al-Masirah que el grupo \u00abatac\u00f3 la Base A\u00e9rea de Nevatim con un misil hipers\u00f3nico Palestina-2 que alcanz\u00f3 con \u00e9xito su objetivo\u00bb. Sarea dijo que el grupo ampliar\u00e1 el c\u00edrculo de objetivos en las pr\u00f3ximas horas y los pr\u00f3ximos d\u00edas \u00aba menos que la agresi\u00f3n (israel\u00ed) contra Gaza cese\u00bb, con lo que hizo referencia a la nueva oleada de mortales ataques a\u00e9reos israel\u00edes realizados hoy contra toda Gaza que dejaron m\u00e1s de 400 muertos. Israel prometi\u00f3 intensificar los ataques si Hamas no libera al resto de los rehenes retenidos en el enclave, lo que quebrantar\u00e1 a\u00fan m\u00e1s el fr\u00e1gil cese al fuego que entr\u00f3 en vigor el 19 de enero. Desde noviembre de 2023 hasta el 19 de enero de este a\u00f1o, el grupo hut\u00ed, que actualmente controla gran parte del norte de Yemen, incluyendo San\u00e1, la capital, ha lanzado decenas de ataques con drones y cohetes contra barcos relacionados con Israel y contra ciudades israel\u00edes para demostrar su solidaridad con los palestinos en medio del conflicto Israel-Hamas. El grupo ces\u00f3 los ataques el 19 de enero.<\/p>\n","protected":false},"excerpt":{"rendered":"<p>JERUSAL\u00c9N\/SAN\u00c1, 18 mar (Xinhua) &#8212; El ej\u00e9rcito israel\u00ed dijo haber interceptado un misil bal\u00edstico lanzado&#8230;<\/p>\n","protected":false},"author":1,"featured_media":0,"comment_status":"open","ping_status":"closed","sticky":false,"template":"","format":"standard","meta":{"footnotes":""},"categories":[2],"tags":[],"class_list":["post-15143","post","type-post","status-publish","format-standard","hentry","category-internacional"],"_links":{"self":[{"href":"https:\/\/viajamagazine.com\/index.php?rest_route=\/wp\/v2\/posts\/15143","targetHints":{"allow":["GET"]}}],"collection":[{"href":"https:\/\/viajamagazine.com\/index.php?rest_route=\/wp\/v2\/posts"}],"about":[{"href":"https:\/\/viajamagazine.com\/index.php?rest_route=\/wp\/v2\/types\/post"}],"author":[{"embeddable":true,"href":"https:\/\/viajamagazine.com\/index.php?rest_route=\/wp\/v2\/users\/1"}],"replies":[{"embeddable":true,"href":"https:\/\/viajamagazine.com\/index.php?rest_route=%2Fwp%2Fv2%2Fcomments&post=15143"}],"version-history":[{"count":1,"href":"https:\/\/viajamagazine.com\/index.php?rest_route=\/wp\/v2\/posts\/15143\/revisions"}],"predecessor-version":[{"id":15144,"href":"https:\/\/viajamagazine.com\/index.php?rest_route=\/wp\/v2\/posts\/15143\/revisions\/15144"}],"wp:attachment":[{"href":"https:\/\/viajamagazine.com\/index.php?rest_route=%2Fwp%2Fv2%2Fmedia&parent=15143"}],"wp:term":[{"taxonomy":"category","embeddable":true,"href":"https:\/\/viajamagazine.com\/index.php?rest_route=%2Fwp%2Fv2%2Fcategories&post=15143"},{"taxonomy":"post_tag","embeddable":true,"href":"https:\/\/viajamagazine.com\/index.php?rest_route=%2Fwp%2Fv2%2Ftags&post=15143"}],"curies":[{"name":"wp","href":"https:\/\/api.w.org\/{rel}","templated":true}]}}