{"id":15139,"date":"2025-03-19T13:03:44","date_gmt":"2025-03-19T19:03:44","guid":{"rendered":"https:\/\/viajamagazine.com\/?p=15139"},"modified":"2025-03-19T19:03:45","modified_gmt":"2025-03-19T19:03:45","slug":"congreso-de-la-ciudad-de-mexico-aprueba-ley-que-prohibe-corridas-de-toros-con-violencia","status":"publish","type":"post","link":"https:\/\/viajamagazine.com\/?p=15139","title":{"rendered":"Congreso de la Ciudad de M\u00e9xico aprueba ley que proh\u00edbe corridas de toros con violencia"},"content":{"rendered":"<p>M\u00c9XICO, 18 mar (Xinhua) &#8212; El Congreso de la Ciudad de M\u00e9xico aprob\u00f3 hoy martes una ley que proh\u00edbe las corridas de toros con violencia, una iniciativa recibida con entusiasmo por defensores de animales, pero criticada por toreros y aficionados a la tauromaquia. La norma propuesta por la jefa de Gobierno de la Ciudad de M\u00e9xico, Clara Brugada, fue avalada con 61 votos a favor y uno en contra. La ley establece, entre otras medidas, la eliminaci\u00f3n de picas, banderillas y espadas en las corridas, as\u00ed como la protecci\u00f3n de los cuernos de los toros para evitar lesiones a los toreros, adem\u00e1s de que el toro de lidia estar\u00e1 en el ruedo durante 10 minutos como m\u00e1ximo. Jes\u00fas Sesma, presidente de la Junta de Coordinaci\u00f3n Pol\u00edtica y coordinador de la bancada del Partido Verde Ecologista de M\u00e9xico (PVEM) del Congreso local, afirm\u00f3 que este es un d\u00eda hist\u00f3rico para la ciudad. \u00abHemos vencido. Es un d\u00eda que marcar\u00e1 un antes y un despu\u00e9s en la capital (&#8230;) Se ha demostrado que cuando hay voluntad, no hay nada que no se pueda lograr en este Congreso\u00bb, expres\u00f3 el legislador. Por el contrario, el diputado Pedro Haces Lago, del oficialista Movimiento Regeneraci\u00f3n Nacional (Morena), critic\u00f3 el \u00aboportunismo pol\u00edtico\u00bb en este tema y expres\u00f3 su preocupaci\u00f3n por el impulso del PVEM a una prohibici\u00f3n sin un plan claro ni una estrategia definida. El legislador morenista, quien vot\u00f3 en contra del dictamen, abog\u00f3 por una modernizaci\u00f3n genuina, justa y eficiente de las corridas de toros, al se\u00f1alar que su decisi\u00f3n fue \u00abcongruente\u00bb con sus ra\u00edces taurinas. En tanto, Brugada salud\u00f3 en su cuenta de la red social X la decisi\u00f3n del Congreso capitalino. \u00abSaludamos con gran alegr\u00eda la decisi\u00f3n del Congreso de la Ciudad de M\u00e9xico, de avalar en lo general el dictamen que proh\u00edbe las corridas de toros con violencia, decisi\u00f3n con la que avanzamos (&#8230;) hacia una Ciudad que respeta los derechos de los animales y que no tolerar\u00e1 que sean objeto de maltrato ni violencia\u00bb, dijo. El gobierno capitalino cuenta con 210 d\u00edas naturales para que fije las reglas que definir\u00e1n las corridas de toros, lapso que se prev\u00e9 para que arranque la pr\u00f3xima temporada en la monumental Plaza M\u00e9xico. Afuera del Congreso capitalino, cientos de aficionados a la tauromaquia intentaron entrar al recinto para ser escuchados, pero fueron contenidos por la Polic\u00eda. La capital mexicana es hogar de la plaza de toros m\u00e1s grande del mundo, y fue en 1529, durante la \u00e9poca de Hern\u00e1n Cort\u00e9s, cuando se celebr\u00f3 la primera corrida de toros. Fin<\/p>\n","protected":false},"excerpt":{"rendered":"<p>M\u00c9XICO, 18 mar (Xinhua) &#8212; El Congreso de la Ciudad de M\u00e9xico aprob\u00f3 hoy martes&#8230;<\/p>\n","protected":false},"author":1,"featured_media":0,"comment_status":"open","ping_status":"closed","sticky":false,"template":"","format":"standard","meta":{"footnotes":""},"categories":[2],"tags":[],"class_list":["post-15139","post","type-post","status-publish","format-standard","hentry","category-internacional"],"_links":{"self":[{"href":"https:\/\/viajamagazine.com\/index.php?rest_route=\/wp\/v2\/posts\/15139","targetHints":{"allow":["GET"]}}],"collection":[{"href":"https:\/\/viajamagazine.com\/index.php?rest_route=\/wp\/v2\/posts"}],"about":[{"href":"https:\/\/viajamagazine.com\/index.php?rest_route=\/wp\/v2\/types\/post"}],"author":[{"embeddable":true,"href":"https:\/\/viajamagazine.com\/index.php?rest_route=\/wp\/v2\/users\/1"}],"replies":[{"embeddable":true,"href":"https:\/\/viajamagazine.com\/index.php?rest_route=%2Fwp%2Fv2%2Fcomments&post=15139"}],"version-history":[{"count":1,"href":"https:\/\/viajamagazine.com\/index.php?rest_route=\/wp\/v2\/posts\/15139\/revisions"}],"predecessor-version":[{"id":15140,"href":"https:\/\/viajamagazine.com\/index.php?rest_route=\/wp\/v2\/posts\/15139\/revisions\/15140"}],"wp:attachment":[{"href":"https:\/\/viajamagazine.com\/index.php?rest_route=%2Fwp%2Fv2%2Fmedia&parent=15139"}],"wp:term":[{"taxonomy":"category","embeddable":true,"href":"https:\/\/viajamagazine.com\/index.php?rest_route=%2Fwp%2Fv2%2Fcategories&post=15139"},{"taxonomy":"post_tag","embeddable":true,"href":"https:\/\/viajamagazine.com\/index.php?rest_route=%2Fwp%2Fv2%2Ftags&post=15139"}],"curies":[{"name":"wp","href":"https:\/\/api.w.org\/{rel}","templated":true}]}}