{"id":15137,"date":"2025-03-19T13:02:53","date_gmt":"2025-03-19T19:02:53","guid":{"rendered":"https:\/\/viajamagazine.com\/?p=15137"},"modified":"2025-03-19T19:02:54","modified_gmt":"2025-03-19T19:02:54","slug":"entrevista-necesidad-de-un-nuevo-orden-mundial-de-la-informacion-plantea-representante-de-periodistas-cubanos","status":"publish","type":"post","link":"https:\/\/viajamagazine.com\/?p=15137","title":{"rendered":"Entrevista: Necesidad de un Nuevo Orden Mundial de la Informaci\u00f3n plantea representante de periodistas cubanos"},"content":{"rendered":"<p>Por Ra\u00fal Menchaca LA HABANA, 18 mar (Xinhua) &#8212; La necesidad de establecer un Nuevo Orden Mundial de la Informaci\u00f3n en un mundo m\u00e1s inequitativo ha sido puesta en relieve por el presidente de la Uni\u00f3n de Periodistas de Cuba (Upec), Ricardo Ronquillo. El representante de los periodistas cubanos convers\u00f3 en exclusiva con Xinhua durante una de las sesiones de trabajo del IV Coloquio Internacional Patria, que re\u00fane durante tres d\u00edas en La Habana a unos 400 expertos en comunicaci\u00f3n pol\u00edtica de 47 pa\u00edses. \u00abEs algo que se ha discutido en el Coloquio, volver a poner sobre el tapete la discusi\u00f3n en las Naciones Unidas de la necesidad de un Nuevo Orden Mundial de la Informaci\u00f3n, que fue una discusi\u00f3n muy importante en los a\u00f1os 80 del siglo pasado\u00bb, apunt\u00f3. Ronquillo se\u00f1al\u00f3 que en la actualidad, el Orden Mundial de la Informaci\u00f3n \u00abes mucho m\u00e1s inequitativo\u00bb que en aquel momento cuando se present\u00f3 el Informe McBride, un documento de la Organizaci\u00f3n de las Naciones Unidas (ONU) tambi\u00e9n conocido como \u00abVoces m\u00faltiples, un solo mundo\u00bb. El texto, redactado entonces por una comisi\u00f3n encabezada por Sean MacBride y auspiciado por la Organizaci\u00f3n de las Naciones Unidas para la Educaci\u00f3n, la Ciencia y la Cultura (Unesco), tuvo por objetivo el desarrollo de un nuevo equilibrio mundial en el \u00e1mbito de la informaci\u00f3n y de la comunicaci\u00f3n. \u00abEs m\u00e1s necesario que todas las fuerzas de izquierda, todas las fuerzas progresistas del mundo nos pongamos de acuerdo para luchar por un Nuevo Orden Mundial de la Informaci\u00f3n y articularnos frente a las campa\u00f1as de manipulaci\u00f3n, de odio, de tergiversaci\u00f3n, de los grandes conglomerados de medios hegem\u00f3nicos\u00bb, subray\u00f3. El presidente de la Upec destac\u00f3 tambi\u00e9n el inter\u00e9s com\u00fan que tienen tanto los cubanos como los chinos de articularse para enfrentar los desaf\u00edos en el plano comunicacional y \u00abcon los que en el mundo defienden un orden informacional completamente diferente al que est\u00e1 prevaleciendo hoy\u00bb. \u00abHay que tratar de acercar cada vez m\u00e1s al sistema de prensa de Cuba con el sistema de prensa chino y a las organizaciones e instituciones que trabajamos en el sistema de prensa de Cuba y en el sistema de prensa de China\u00bb, asever\u00f3. El laureado periodista de 58 a\u00f1os, coment\u00f3 en ese sentido el inter\u00e9s de Cuba por las experiencias del sistema de prensa chino en el desarrollo editorial de los medios y de los modelos de gesti\u00f3n econ\u00f3mica de ese sistema, en un momento en que los medios cubanos est\u00e1n enfrascados en un proceso de cambio de gesti\u00f3n econ\u00f3mica. Ronquillo, graduado en 1993 en la Licenciatura en Periodismo por la Universidad de Oriente, en Santiago de Cuba, refiri\u00f3 la atenci\u00f3n que desde la isla caribe\u00f1a se presta al modelo de gesti\u00f3n tecnol\u00f3gica del sistema chino de medios. Record\u00f3 que en la anterior edici\u00f3n del Coloquio Internacional Patria, el a\u00f1o pasado, el stand de China fue uno de los m\u00e1s atractivos y donde el presidente cubano, Miguel D\u00edaz-Canel, se detuvo durante un buen tiempo para conocer las experiencias de los medios chinos en el uso de la Inteligencia Artificial (IA). \u00abNosotros necesitamos introducir lo m\u00e1s r\u00e1pidamente posible el uso de la Inteligencia Artificial en el sistema de medios del pa\u00eds\u00bb, afirm\u00f3 Ronquillo, antes de se\u00f1alar que algunos \u00f3rganos de prensa de la isla han dado sus primeros pasos en ese sentido. Por lo tanto, dijo, toda la experiencia que podamos asimilar del desarrollo de la IA en China y todo lo que tecnol\u00f3gicamente ellos hayan avanzado en ese campo, es muy importante para nosotros. Hace unos meses, gracias a un cr\u00e9dito gubernamental chino, Cuba pudo adquirir una dotaci\u00f3n de equipos para medios de prensa escrita, uno de los sistemas m\u00e1s atrasados del pa\u00eds desde el punto de vista tecnol\u00f3gico. A esta cuarta edici\u00f3n del Coloquio Internacional Patria asiste una delegaci\u00f3n de la Asociaci\u00f3n Nacional de Periodistas de China, que sostuvo un largo intercambio con Ronquillo y que tiene una activa participaci\u00f3n en el foro. Como parte del encuentro, el Grupo de Medios de China (CMG, por siglas en ingl\u00e9s) abri\u00f3 un concurrido stand donde muestra los avances tecnol\u00f3gicos vinculados a la comunicaci\u00f3n, en particular al u<\/p>\n","protected":false},"excerpt":{"rendered":"<p>Por Ra\u00fal Menchaca LA HABANA, 18 mar (Xinhua) &#8212; La necesidad de establecer un Nuevo&#8230;<\/p>\n","protected":false},"author":1,"featured_media":0,"comment_status":"open","ping_status":"closed","sticky":false,"template":"","format":"standard","meta":{"footnotes":""},"categories":[2],"tags":[],"class_list":["post-15137","post","type-post","status-publish","format-standard","hentry","category-internacional"],"_links":{"self":[{"href":"https:\/\/viajamagazine.com\/index.php?rest_route=\/wp\/v2\/posts\/15137","targetHints":{"allow":["GET"]}}],"collection":[{"href":"https:\/\/viajamagazine.com\/index.php?rest_route=\/wp\/v2\/posts"}],"about":[{"href":"https:\/\/viajamagazine.com\/index.php?rest_route=\/wp\/v2\/types\/post"}],"author":[{"embeddable":true,"href":"https:\/\/viajamagazine.com\/index.php?rest_route=\/wp\/v2\/users\/1"}],"replies":[{"embeddable":true,"href":"https:\/\/viajamagazine.com\/index.php?rest_route=%2Fwp%2Fv2%2Fcomments&post=15137"}],"version-history":[{"count":1,"href":"https:\/\/viajamagazine.com\/index.php?rest_route=\/wp\/v2\/posts\/15137\/revisions"}],"predecessor-version":[{"id":15138,"href":"https:\/\/viajamagazine.com\/index.php?rest_route=\/wp\/v2\/posts\/15137\/revisions\/15138"}],"wp:attachment":[{"href":"https:\/\/viajamagazine.com\/index.php?rest_route=%2Fwp%2Fv2%2Fmedia&parent=15137"}],"wp:term":[{"taxonomy":"category","embeddable":true,"href":"https:\/\/viajamagazine.com\/index.php?rest_route=%2Fwp%2Fv2%2Fcategories&post=15137"},{"taxonomy":"post_tag","embeddable":true,"href":"https:\/\/viajamagazine.com\/index.php?rest_route=%2Fwp%2Fv2%2Ftags&post=15137"}],"curies":[{"name":"wp","href":"https:\/\/api.w.org\/{rel}","templated":true}]}}