{"id":15115,"date":"2025-03-19T12:54:39","date_gmt":"2025-03-19T18:54:39","guid":{"rendered":"https:\/\/viajamagazine.com\/?p=15115"},"modified":"2025-03-19T18:54:40","modified_gmt":"2025-03-19T18:54:40","slug":"noboa-ratifica-via-decreto-al-dolar-como-moneda-oficial-de-ecuador","status":"publish","type":"post","link":"https:\/\/viajamagazine.com\/?p=15115","title":{"rendered":"Noboa ratifica v\u00eda decreto al d\u00f3lar como moneda oficial de Ecuador"},"content":{"rendered":"<p>QUITO, 18 mar (Xinhua) &#8212; El presidente ecuatoriano, Daniel Noboa, ratific\u00f3 hoy martes al d\u00f3lar estadounidense como unidad monetaria y \u00fanico medio de pago oficial en Ecuador, inform\u00f3 el Gobierno. El mandatario oficializ\u00f3 su decisi\u00f3n en el Decreto Ejecutivo 565 firmado en la ciudad andina de Cuenca (sur), donde Noboa cumple actividades oficiales y el texto fue difundido por la Presidencia en su portal electr\u00f3nico. Noboa insta en el decreto a la bancada oficialista del movimiento Acci\u00f3n Democr\u00e1tica Nacional (ADN) en la Asamblea Nacional (Parlamento) a proponer el tr\u00e1mite legislativo de reforma al art\u00edculo 303 de la Constituci\u00f3n. Dicha reforma propone, en lo medular, que \u00abel Banco Central de Ecuador no podr\u00e1 emitir otro tipo de moneda o moneda paralela distinta al d\u00f3lar\u00bb. Plantea, adem\u00e1s, que su \u00e1mbito de acci\u00f3n se enfocar\u00e1 en fomentar y mantener un sistema monetario estable y coadyuvar a la estabilidad financiera, con el fin de preservar la integridad de la dolarizaci\u00f3n. De igual manera, propone que todas las transacciones, operaciones monetarias, financieras y sus registros contables, realizados en la Rep\u00fablica del Ecuador, se expresen en d\u00f3lares. Noboa plantea, asimismo, que el Banco Central no proporcione financiamiento directo o indirecto a las instituciones del sector p\u00fablico. De manera previa, en una entrevista radial en Cuenca, Noboa anticip\u00f3 la expedici\u00f3n de dicho decreto, en medio de un debate en el pa\u00eds sobre la dolarizaci\u00f3n de cara a la segunda vuelta de la elecci\u00f3n presidencial del 13 de abril pr\u00f3ximo. El mandatario disputar\u00e1 la Presidencia en el balotaje de abril con su rival pol\u00edtica, la izquierdista Luisa Gonz\u00e1lez, del movimiento Revoluci\u00f3n Ciudadana, al que se se\u00f1ala de pretender plantear una moneda alternativa al d\u00f3lar. El 9 de enero de 2000, Ecuador adopt\u00f3 el d\u00f3lar como su moneda de curso legal, en medio de una severa crisis financiera y econ\u00f3mica. Seg\u00fan el Banco Central, el sistema de dolarizaci\u00f3n ha generado estabilidad monetaria y financiera, a pesar de los choques externos que han afectado al pa\u00eds en las \u00faltimas dos d\u00e9cadas. Fin<\/p>\n","protected":false},"excerpt":{"rendered":"<p>QUITO, 18 mar (Xinhua) &#8212; El presidente ecuatoriano, Daniel Noboa, ratific\u00f3 hoy martes al d\u00f3lar&#8230;<\/p>\n","protected":false},"author":1,"featured_media":0,"comment_status":"open","ping_status":"closed","sticky":false,"template":"","format":"standard","meta":{"footnotes":""},"categories":[2],"tags":[],"class_list":["post-15115","post","type-post","status-publish","format-standard","hentry","category-internacional"],"_links":{"self":[{"href":"https:\/\/viajamagazine.com\/index.php?rest_route=\/wp\/v2\/posts\/15115","targetHints":{"allow":["GET"]}}],"collection":[{"href":"https:\/\/viajamagazine.com\/index.php?rest_route=\/wp\/v2\/posts"}],"about":[{"href":"https:\/\/viajamagazine.com\/index.php?rest_route=\/wp\/v2\/types\/post"}],"author":[{"embeddable":true,"href":"https:\/\/viajamagazine.com\/index.php?rest_route=\/wp\/v2\/users\/1"}],"replies":[{"embeddable":true,"href":"https:\/\/viajamagazine.com\/index.php?rest_route=%2Fwp%2Fv2%2Fcomments&post=15115"}],"version-history":[{"count":1,"href":"https:\/\/viajamagazine.com\/index.php?rest_route=\/wp\/v2\/posts\/15115\/revisions"}],"predecessor-version":[{"id":15116,"href":"https:\/\/viajamagazine.com\/index.php?rest_route=\/wp\/v2\/posts\/15115\/revisions\/15116"}],"wp:attachment":[{"href":"https:\/\/viajamagazine.com\/index.php?rest_route=%2Fwp%2Fv2%2Fmedia&parent=15115"}],"wp:term":[{"taxonomy":"category","embeddable":true,"href":"https:\/\/viajamagazine.com\/index.php?rest_route=%2Fwp%2Fv2%2Fcategories&post=15115"},{"taxonomy":"post_tag","embeddable":true,"href":"https:\/\/viajamagazine.com\/index.php?rest_route=%2Fwp%2Fv2%2Ftags&post=15115"}],"curies":[{"name":"wp","href":"https:\/\/api.w.org\/{rel}","templated":true}]}}