{"id":15103,"date":"2025-03-19T12:53:02","date_gmt":"2025-03-19T18:53:02","guid":{"rendered":"https:\/\/viajamagazine.com\/?p=15103"},"modified":"2025-03-19T18:53:03","modified_gmt":"2025-03-19T18:53:03","slug":"entregan-a-seychelles-centro-de-radiodifusion-y-television-construido-con-ayuda-de-china","status":"publish","type":"post","link":"https:\/\/viajamagazine.com\/?p=15103","title":{"rendered":"Entregan a Seychelles centro de radiodifusi\u00f3n y televisi\u00f3n construido con ayuda de China"},"content":{"rendered":"<p>VICTORIA, 18 mar (Xinhua) &#8212; El proyecto del Centro de Radiodifusi\u00f3n y Televisi\u00f3n de Seychelles, que cont\u00f3 con asistencia de China, fue entregado oficialmente a Seychelles hoy martes en Victoria, la capital del pa\u00eds insular del oc\u00e9ano \u00cdndico. Construido por Hunan No. 6 Engineering Co. Ltd., el proyecto comenz\u00f3 en 2018 y abarca aproximadamente 5.600 metros cuadrados. Las instalaciones est\u00e1n equipadas con salas t\u00e9cnicas de radiodifusi\u00f3n y televisi\u00f3n de \u00faltima generaci\u00f3n, oficinas y modernos equipos de transmisi\u00f3n. En la ceremonia, la embajadora china en Seychelles, Lin Nan, dijo que la relaci\u00f3n entre China y Seychelles sirve como modelo de amistad sincera, igualdad, apoyo mutuo y cooperaci\u00f3n de ganancia compartida entre pa\u00edses de diferentes tama\u00f1os. Indic\u00f3 que en la Cumbre de 2024 del Foro de Cooperaci\u00f3n China-\u00c1frica celebrada en Beijing, los dos jefes de Estado elevaron de manera conjunta los lazos bilaterales a una asociaci\u00f3n estrat\u00e9gica y delinearon una hoja de ruta para la cooperaci\u00f3n futura. Lin enfatiz\u00f3 el papel crucial de la industria de la radiodifusi\u00f3n en la sociedad moderna, no s\u00f3lo como canal clave para la difusi\u00f3n de informaci\u00f3n, sino tambi\u00e9n como motor de la preservaci\u00f3n cultural, los servicios sociales y el progreso nacional. Afirm\u00f3 que la entrega oficial del proyecto marca un nuevo hito en los intercambios y la cooperaci\u00f3n cultural entre China y Seychelles. Por su parte, el vicepresidente de Seychelles, Ahmed Afif, expres\u00f3 su gratitud a China por el proyecto, calific\u00e1ndolo como un testimonio de la fuerte amistad entre los dos pa\u00edses. \u00abMuchas gracias a China por este obsequio. Es una muestra de la solidez de la relaci\u00f3n entre Seychelles y China\u00bb, afirm\u00f3. Afif tambi\u00e9n expres\u00f3 su confianza en que el centro dinamizar\u00e1 la industria de los medios de comunicaci\u00f3n de Seychelles, impulsando el crecimiento y, en \u00faltima instancia, beneficiando a todo el pa\u00eds. \u00abSeychelles espera con inter\u00e9s esta maravillosa colaboraci\u00f3n entre Seychelles y China\u00bb, a\u00f1adi\u00f3. Fin<\/p>\n","protected":false},"excerpt":{"rendered":"<p>VICTORIA, 18 mar (Xinhua) &#8212; El proyecto del Centro de Radiodifusi\u00f3n y Televisi\u00f3n de Seychelles,&#8230;<\/p>\n","protected":false},"author":1,"featured_media":0,"comment_status":"open","ping_status":"closed","sticky":false,"template":"","format":"standard","meta":{"footnotes":""},"categories":[2],"tags":[],"class_list":["post-15103","post","type-post","status-publish","format-standard","hentry","category-internacional"],"_links":{"self":[{"href":"https:\/\/viajamagazine.com\/index.php?rest_route=\/wp\/v2\/posts\/15103","targetHints":{"allow":["GET"]}}],"collection":[{"href":"https:\/\/viajamagazine.com\/index.php?rest_route=\/wp\/v2\/posts"}],"about":[{"href":"https:\/\/viajamagazine.com\/index.php?rest_route=\/wp\/v2\/types\/post"}],"author":[{"embeddable":true,"href":"https:\/\/viajamagazine.com\/index.php?rest_route=\/wp\/v2\/users\/1"}],"replies":[{"embeddable":true,"href":"https:\/\/viajamagazine.com\/index.php?rest_route=%2Fwp%2Fv2%2Fcomments&post=15103"}],"version-history":[{"count":1,"href":"https:\/\/viajamagazine.com\/index.php?rest_route=\/wp\/v2\/posts\/15103\/revisions"}],"predecessor-version":[{"id":15104,"href":"https:\/\/viajamagazine.com\/index.php?rest_route=\/wp\/v2\/posts\/15103\/revisions\/15104"}],"wp:attachment":[{"href":"https:\/\/viajamagazine.com\/index.php?rest_route=%2Fwp%2Fv2%2Fmedia&parent=15103"}],"wp:term":[{"taxonomy":"category","embeddable":true,"href":"https:\/\/viajamagazine.com\/index.php?rest_route=%2Fwp%2Fv2%2Fcategories&post=15103"},{"taxonomy":"post_tag","embeddable":true,"href":"https:\/\/viajamagazine.com\/index.php?rest_route=%2Fwp%2Fv2%2Ftags&post=15103"}],"curies":[{"name":"wp","href":"https:\/\/api.w.org\/{rel}","templated":true}]}}