{"id":15097,"date":"2025-03-19T12:52:16","date_gmt":"2025-03-19T18:52:16","guid":{"rendered":"https:\/\/viajamagazine.com\/?p=15097"},"modified":"2025-03-19T18:52:17","modified_gmt":"2025-03-19T18:52:17","slug":"rehenes-israelies-liberados-expresan-temor-e-ira-por-renovados-ataques-aereos-en-gaza","status":"publish","type":"post","link":"https:\/\/viajamagazine.com\/?p=15097","title":{"rendered":"Rehenes israel\u00edes liberados expresan temor e ira por renovados ataques a\u00e9reos en Gaza"},"content":{"rendered":"<div class=\"el-scrollbar__wrap\">\n<div class=\"el-scrollbar__view\">\n<div class=\"news-content\" data-v-1eda797c=\"\">JERUSAL\u00c9N, 18 mar (Xinhua) &#8212; Los rehenes israel\u00edes liberados durante la primera fase del reciente cese al fuego recurrieron hoy martes a las redes sociales para expresar su temor y enojo por la reanudaci\u00f3n de los ataques a\u00e9reos de Israel contra Gaza, e instaron al Gobierno a reanudar las negociaciones. Yarden Bibas, quien fue liberado a principios de febrero en un intercambio de prisioneros despu\u00e9s de 484 d\u00edas de cautiverio, pidi\u00f3 al Gobierno israel\u00ed que priorice asegurar la liberaci\u00f3n de los 59 rehenes restantes a trav\u00e9s de negociaciones en lugar de la presi\u00f3n militar que podr\u00eda poner en riesgo sus vidas. Su esposa y sus dos hijos peque\u00f1os murieron en Gaza durante su cautiverio. \u00abLa decisi\u00f3n de Israel de volver a combatir me trae de vuelta a Gaza, a los momentos en que o\u00ed sonidos de explosiones a mi alrededor y tem\u00ed por mi vida, temiendo que el t\u00fanel donde estaba retenido colapsara\u00bb, escribi\u00f3. \u00abEstoy petrificado por mis mejores amigos, David y Ariel Cunio (que todav\u00eda est\u00e1n detenidos en Gaza)\u00bb, indic\u00f3, y a\u00f1adi\u00f3 que no es demasiado tarde para asegurar su liberaci\u00f3n a trav\u00e9s de un acuerdo. \u00abDebemos detener los combates y traer a todos a casa\u00bb, agreg\u00f3. Romi Gonen, quien form\u00f3 parte del primer grupo de tres rehenes liberados por Hamas en enero, record\u00f3 con horror \u00abel momento en que, durante mi cautiverio, o\u00ed las explosiones tras el colapso del (primer) acuerdo y me di cuenta de que no ser\u00eda liberada pronto\u00bb. Hizo un llamado al Gobierno israel\u00ed: \u00ab\u00a1S\u00e1quenlos! \u00a1Es lo m\u00e1s urgente!\u00bb. Omer Wenkert, otro reh\u00e9n liberado, escribi\u00f3: \u00ab\u00bfVolver a la lucha? \u00bfEscucharon siquiera una palabra de lo que nosotros, los repatriados liberados en el \u00faltimo acuerdo, hemos estado diciendo? \u00bfNos ven?\u00bb. A\u00f1adi\u00f3: \u00abLa sensaci\u00f3n de abandono es la m\u00e1s fuerte que he sentido jam\u00e1s\u00bb. La cadena estatal de Israel Kan TV inform\u00f3 que cientos de familias de rehenes marchan por la Carretera 1, que conecta Tel Aviv con Jerusal\u00e9n, exigiendo al Gobierno garantizar la liberaci\u00f3n de los rehenes mediante un acuerdo con Hamas. Previamente, las familias emitieron un comunicado en el que anunciaron que, al llegar a Jerusal\u00e9n, establecer\u00e1n un campamento de protesta en la ciudad. El alto al fuego de dos meses en Gaza se rompi\u00f3 durante la noche cuando Israel lanz\u00f3 ataques a\u00e9reos en todo el enclave, matando a m\u00e1s de 400 personas y provocando la condena internacional. Fin<\/div>\n<\/div>\n<\/div>\n<div class=\"el-scrollbar__bar is-horizontal\"><\/div>\n","protected":false},"excerpt":{"rendered":"<p>JERUSAL\u00c9N, 18 mar (Xinhua) &#8212; Los rehenes israel\u00edes liberados durante la primera fase del reciente&#8230;<\/p>\n","protected":false},"author":1,"featured_media":0,"comment_status":"open","ping_status":"closed","sticky":false,"template":"","format":"standard","meta":{"footnotes":""},"categories":[2],"tags":[],"class_list":["post-15097","post","type-post","status-publish","format-standard","hentry","category-internacional"],"_links":{"self":[{"href":"https:\/\/viajamagazine.com\/index.php?rest_route=\/wp\/v2\/posts\/15097","targetHints":{"allow":["GET"]}}],"collection":[{"href":"https:\/\/viajamagazine.com\/index.php?rest_route=\/wp\/v2\/posts"}],"about":[{"href":"https:\/\/viajamagazine.com\/index.php?rest_route=\/wp\/v2\/types\/post"}],"author":[{"embeddable":true,"href":"https:\/\/viajamagazine.com\/index.php?rest_route=\/wp\/v2\/users\/1"}],"replies":[{"embeddable":true,"href":"https:\/\/viajamagazine.com\/index.php?rest_route=%2Fwp%2Fv2%2Fcomments&post=15097"}],"version-history":[{"count":1,"href":"https:\/\/viajamagazine.com\/index.php?rest_route=\/wp\/v2\/posts\/15097\/revisions"}],"predecessor-version":[{"id":15098,"href":"https:\/\/viajamagazine.com\/index.php?rest_route=\/wp\/v2\/posts\/15097\/revisions\/15098"}],"wp:attachment":[{"href":"https:\/\/viajamagazine.com\/index.php?rest_route=%2Fwp%2Fv2%2Fmedia&parent=15097"}],"wp:term":[{"taxonomy":"category","embeddable":true,"href":"https:\/\/viajamagazine.com\/index.php?rest_route=%2Fwp%2Fv2%2Fcategories&post=15097"},{"taxonomy":"post_tag","embeddable":true,"href":"https:\/\/viajamagazine.com\/index.php?rest_route=%2Fwp%2Fv2%2Ftags&post=15097"}],"curies":[{"name":"wp","href":"https:\/\/api.w.org\/{rel}","templated":true}]}}