{"id":15085,"date":"2025-03-19T12:50:37","date_gmt":"2025-03-19T18:50:37","guid":{"rendered":"https:\/\/viajamagazine.com\/?p=15085"},"modified":"2025-03-19T18:50:38","modified_gmt":"2025-03-19T18:50:38","slug":"china-sigue-de-cerca-situacion-de-conflicto-palestino-israeli-dice-portavoz-de-cancilleria","status":"publish","type":"post","link":"https:\/\/viajamagazine.com\/?p=15085","title":{"rendered":"China sigue de cerca situaci\u00f3n de conflicto palestino-israel\u00ed, dice portavoz de canciller\u00eda"},"content":{"rendered":"<p>BEIJING, 18 mar (Xinhua) &#8212; China est\u00e1 siguiendo de cerca la situaci\u00f3n actual del conflicto palestino-israel\u00ed y espera que las partes trabajen para permitir la implementaci\u00f3n continua y efectiva del acuerdo de alto el fuego, dijo hoy martes una portavoz del Ministerio de Relaciones Exteriores chino. Mao Ning dijo lo anterior en una rueda de prensa diaria en respuesta a una pregunta sobre el ataque a gran escala lanzado por Israel en la Franja de Gaza en las primeras horas de la ma\u00f1ana, rompiendo el cese al fuego. Se report\u00f3 que hasta el momento han muerto m\u00e1s de 300 personas, en su mayor\u00eda mujeres y ni\u00f1os, a causa de esta operaci\u00f3n militar, y que las bajas civiles siguen aumentando. \u00abEsperamos que las partes trabajen para posibilitar la implementaci\u00f3n continua y eficaz del acuerdo de cese al fuego, se abstengan de cualquier acci\u00f3n que agrave la situaci\u00f3n y eviten que se profundice a\u00fan m\u00e1s el desastre humanitario\u00bb, afirm\u00f3 Mao. Fin<\/p>\n","protected":false},"excerpt":{"rendered":"<p>BEIJING, 18 mar (Xinhua) &#8212; China est\u00e1 siguiendo de cerca la situaci\u00f3n actual del conflicto&#8230;<\/p>\n","protected":false},"author":1,"featured_media":0,"comment_status":"open","ping_status":"closed","sticky":false,"template":"","format":"standard","meta":{"footnotes":""},"categories":[2],"tags":[],"class_list":["post-15085","post","type-post","status-publish","format-standard","hentry","category-internacional"],"_links":{"self":[{"href":"https:\/\/viajamagazine.com\/index.php?rest_route=\/wp\/v2\/posts\/15085","targetHints":{"allow":["GET"]}}],"collection":[{"href":"https:\/\/viajamagazine.com\/index.php?rest_route=\/wp\/v2\/posts"}],"about":[{"href":"https:\/\/viajamagazine.com\/index.php?rest_route=\/wp\/v2\/types\/post"}],"author":[{"embeddable":true,"href":"https:\/\/viajamagazine.com\/index.php?rest_route=\/wp\/v2\/users\/1"}],"replies":[{"embeddable":true,"href":"https:\/\/viajamagazine.com\/index.php?rest_route=%2Fwp%2Fv2%2Fcomments&post=15085"}],"version-history":[{"count":1,"href":"https:\/\/viajamagazine.com\/index.php?rest_route=\/wp\/v2\/posts\/15085\/revisions"}],"predecessor-version":[{"id":15086,"href":"https:\/\/viajamagazine.com\/index.php?rest_route=\/wp\/v2\/posts\/15085\/revisions\/15086"}],"wp:attachment":[{"href":"https:\/\/viajamagazine.com\/index.php?rest_route=%2Fwp%2Fv2%2Fmedia&parent=15085"}],"wp:term":[{"taxonomy":"category","embeddable":true,"href":"https:\/\/viajamagazine.com\/index.php?rest_route=%2Fwp%2Fv2%2Fcategories&post=15085"},{"taxonomy":"post_tag","embeddable":true,"href":"https:\/\/viajamagazine.com\/index.php?rest_route=%2Fwp%2Fv2%2Ftags&post=15085"}],"curies":[{"name":"wp","href":"https:\/\/api.w.org\/{rel}","templated":true}]}}