{"id":15079,"date":"2025-03-19T12:49:06","date_gmt":"2025-03-19T18:49:06","guid":{"rendered":"https:\/\/viajamagazine.com\/?p=15079"},"modified":"2025-03-19T18:49:07","modified_gmt":"2025-03-19T18:49:07","slug":"iran-y-rusia-discuten-lazos-y-acontecimientos-regionales","status":"publish","type":"post","link":"https:\/\/viajamagazine.com\/?p=15079","title":{"rendered":"Ir\u00e1n y Rusia discuten lazos y acontecimientos regionales"},"content":{"rendered":"<p>TEHER\u00c1N, 18 mar (Xinhua) &#8212; Diplom\u00e1ticos iran\u00edes y rusos de alto nivel intercambiaron hoy martes puntos de vista sobre los lazos bilaterales y los acontecimientos regionales, dijo el Ministerio de Relaciones Exteriores de Ir\u00e1n. En Teher\u00e1n, el viceministro iran\u00ed de Relaciones Exteriores para Asuntos Pol\u00edticos, Majid Takht Ravanchi, tuvo una reuni\u00f3n con el vicecanciller ruso Alexander Grushko, durante la cual ambas partes discutieron el programa nuclear de Ir\u00e1n, el desarrollo del conflicto de Ucrania y las nuevas pol\u00edticas estadounidenses, dijo la canciller\u00eda iran\u00ed en un comunicado. Los diplom\u00e1ticos subrayaron la necesidad de mantener las consultas y la cooperaci\u00f3n dentro de organizaciones regionales e internacionales para promover el multilateralismo, el Estado de derecho y el derecho internacional. Ir\u00e1n y Rusia, ambos bajo sanciones estadounidenses, han impulsado sus lazos pol\u00edticos y econ\u00f3micos para hacer frente a las acciones de Washington. Fin<\/p>\n","protected":false},"excerpt":{"rendered":"<p>TEHER\u00c1N, 18 mar (Xinhua) &#8212; Diplom\u00e1ticos iran\u00edes y rusos de alto nivel intercambiaron hoy martes&#8230;<\/p>\n","protected":false},"author":1,"featured_media":0,"comment_status":"open","ping_status":"closed","sticky":false,"template":"","format":"standard","meta":{"footnotes":""},"categories":[2],"tags":[],"class_list":["post-15079","post","type-post","status-publish","format-standard","hentry","category-internacional"],"_links":{"self":[{"href":"https:\/\/viajamagazine.com\/index.php?rest_route=\/wp\/v2\/posts\/15079","targetHints":{"allow":["GET"]}}],"collection":[{"href":"https:\/\/viajamagazine.com\/index.php?rest_route=\/wp\/v2\/posts"}],"about":[{"href":"https:\/\/viajamagazine.com\/index.php?rest_route=\/wp\/v2\/types\/post"}],"author":[{"embeddable":true,"href":"https:\/\/viajamagazine.com\/index.php?rest_route=\/wp\/v2\/users\/1"}],"replies":[{"embeddable":true,"href":"https:\/\/viajamagazine.com\/index.php?rest_route=%2Fwp%2Fv2%2Fcomments&post=15079"}],"version-history":[{"count":1,"href":"https:\/\/viajamagazine.com\/index.php?rest_route=\/wp\/v2\/posts\/15079\/revisions"}],"predecessor-version":[{"id":15080,"href":"https:\/\/viajamagazine.com\/index.php?rest_route=\/wp\/v2\/posts\/15079\/revisions\/15080"}],"wp:attachment":[{"href":"https:\/\/viajamagazine.com\/index.php?rest_route=%2Fwp%2Fv2%2Fmedia&parent=15079"}],"wp:term":[{"taxonomy":"category","embeddable":true,"href":"https:\/\/viajamagazine.com\/index.php?rest_route=%2Fwp%2Fv2%2Fcategories&post=15079"},{"taxonomy":"post_tag","embeddable":true,"href":"https:\/\/viajamagazine.com\/index.php?rest_route=%2Fwp%2Fv2%2Ftags&post=15079"}],"curies":[{"name":"wp","href":"https:\/\/api.w.org\/{rel}","templated":true}]}}