{"id":15024,"date":"2025-03-19T10:49:53","date_gmt":"2025-03-19T16:49:53","guid":{"rendered":"https:\/\/viajamagazine.com\/?p=15024"},"modified":"2025-03-19T16:49:54","modified_gmt":"2025-03-19T16:49:54","slug":"honduras-roatan-accidente-avioneta","status":"publish","type":"post","link":"https:\/\/viajamagazine.com\/?p=15024","title":{"rendered":"HONDURAS-ROATAN-ACCIDENTE-AVIONETA"},"content":{"rendered":"<div class=\"el-scrollbar__wrap\">\n<div class=\"el-scrollbar__view\">\n<div class=\"news-content\" data-v-1eda797c=\"\">(250317) &#8212; ROATAN, 17 marzo, 2025 (Xinhua) &#8212; Elementos de la Polic\u00eda Nacional de Honduras y equipos de socorro del Gobierno hondure\u00f1o trabajan en labores de rescate luego de que una avioneta cayera al mar, en la isla de Roat\u00e1n, Honduras, el 17 de marzo de 2025. Una avioneta con 18 personas a bordo, 15 pasajeros y tres tripulantes, cay\u00f3 la tarde del lunes al mar en la isla hondure\u00f1a de Roat\u00e1n, lo que provoc\u00f3 la muerte de al menos seis personas, informaron autoridades del pa\u00eds centroamericano. La comisionada presidenta del Sistema Nacional de Emergencias 911 de Honduras, Miroslava Cerpas, agreg\u00f3 que por instrucciones de la presidenta hondure\u00f1a, Xiomara Castro, y en coordinaci\u00f3n con la Cruz Roja Hondure\u00f1a, se dispusieron r\u00e1pidamente todos los efectivos y recursos necesarios para ejecutar con prontitud las labores de rescate y salvamento, y brindar asistencia inmediata a las personas heridas tras el accidente a\u00e9reo. (Xinhua\/Str) (dp) (ce)<\/div>\n<\/div>\n<\/div>\n<div class=\"el-scrollbar__bar is-horizontal\"><\/div>\n","protected":false},"excerpt":{"rendered":"<p>(250317) &#8212; ROATAN, 17 marzo, 2025 (Xinhua) &#8212; Elementos de la Polic\u00eda Nacional de Honduras&#8230;<\/p>\n","protected":false},"author":1,"featured_media":15026,"comment_status":"open","ping_status":"closed","sticky":false,"template":"","format":"standard","meta":{"footnotes":""},"categories":[2],"tags":[],"class_list":["post-15024","post","type-post","status-publish","format-standard","has-post-thumbnail","hentry","category-internacional"],"_links":{"self":[{"href":"https:\/\/viajamagazine.com\/index.php?rest_route=\/wp\/v2\/posts\/15024","targetHints":{"allow":["GET"]}}],"collection":[{"href":"https:\/\/viajamagazine.com\/index.php?rest_route=\/wp\/v2\/posts"}],"about":[{"href":"https:\/\/viajamagazine.com\/index.php?rest_route=\/wp\/v2\/types\/post"}],"author":[{"embeddable":true,"href":"https:\/\/viajamagazine.com\/index.php?rest_route=\/wp\/v2\/users\/1"}],"replies":[{"embeddable":true,"href":"https:\/\/viajamagazine.com\/index.php?rest_route=%2Fwp%2Fv2%2Fcomments&post=15024"}],"version-history":[{"count":1,"href":"https:\/\/viajamagazine.com\/index.php?rest_route=\/wp\/v2\/posts\/15024\/revisions"}],"predecessor-version":[{"id":15025,"href":"https:\/\/viajamagazine.com\/index.php?rest_route=\/wp\/v2\/posts\/15024\/revisions\/15025"}],"wp:featuredmedia":[{"embeddable":true,"href":"https:\/\/viajamagazine.com\/index.php?rest_route=\/wp\/v2\/media\/15026"}],"wp:attachment":[{"href":"https:\/\/viajamagazine.com\/index.php?rest_route=%2Fwp%2Fv2%2Fmedia&parent=15024"}],"wp:term":[{"taxonomy":"category","embeddable":true,"href":"https:\/\/viajamagazine.com\/index.php?rest_route=%2Fwp%2Fv2%2Fcategories&post=15024"},{"taxonomy":"post_tag","embeddable":true,"href":"https:\/\/viajamagazine.com\/index.php?rest_route=%2Fwp%2Fv2%2Ftags&post=15024"}],"curies":[{"name":"wp","href":"https:\/\/api.w.org\/{rel}","templated":true}]}}