{"id":15018,"date":"2025-03-19T10:47:41","date_gmt":"2025-03-19T16:47:41","guid":{"rendered":"https:\/\/viajamagazine.com\/?p=15018"},"modified":"2025-03-19T16:47:42","modified_gmt":"2025-03-19T16:47:42","slug":"china-sichuan-xining-ferrocarril-de-chengdu-tunel-perforacion-2","status":"publish","type":"post","link":"https:\/\/viajamagazine.com\/?p=15018","title":{"rendered":"CHINA-SICHUAN-XINING-FERROCARRIL DE CHENGDU-TUNEL-PERFORACION"},"content":{"rendered":"<div class=\"el-scrollbar__wrap\">\n<div class=\"el-scrollbar__view\">\n<div class=\"news-content\" data-v-1eda797c=\"\">(250317) &#8212; ABA, 17 marzo, 2025 (Xinhua) &#8211;Vista a\u00e9rea tomada con un dron el 17 de marzo de 2025 de la v\u00eda de ferrocarril Xining-Chengdu en construcci\u00f3n, en la provincia de Sichuan, en el suroeste de China. El T\u00fanel N\u00famero 1 de Banyou, parte de la secci\u00f3n de Sichuan de la v\u00eda de ferrocarril Xining-Chengdu, ha sido perforado el lunes. Con una longitud de 582,23 metros, el t\u00fanel de v\u00eda doble de un solo orificio tiene una velocidad dise\u00f1ada de 250 km por hora. (Xinhua\/Wang Xi) (rtg) (ah) (ce)<\/div>\n<\/div>\n<\/div>\n<div class=\"el-scrollbar__bar is-horizontal\"><\/div>\n","protected":false},"excerpt":{"rendered":"<p>(250317) &#8212; ABA, 17 marzo, 2025 (Xinhua) &#8211;Vista a\u00e9rea tomada con un dron el 17&#8230;<\/p>\n","protected":false},"author":1,"featured_media":15020,"comment_status":"open","ping_status":"closed","sticky":false,"template":"","format":"standard","meta":{"footnotes":""},"categories":[2],"tags":[],"class_list":["post-15018","post","type-post","status-publish","format-standard","has-post-thumbnail","hentry","category-internacional"],"_links":{"self":[{"href":"https:\/\/viajamagazine.com\/index.php?rest_route=\/wp\/v2\/posts\/15018","targetHints":{"allow":["GET"]}}],"collection":[{"href":"https:\/\/viajamagazine.com\/index.php?rest_route=\/wp\/v2\/posts"}],"about":[{"href":"https:\/\/viajamagazine.com\/index.php?rest_route=\/wp\/v2\/types\/post"}],"author":[{"embeddable":true,"href":"https:\/\/viajamagazine.com\/index.php?rest_route=\/wp\/v2\/users\/1"}],"replies":[{"embeddable":true,"href":"https:\/\/viajamagazine.com\/index.php?rest_route=%2Fwp%2Fv2%2Fcomments&post=15018"}],"version-history":[{"count":1,"href":"https:\/\/viajamagazine.com\/index.php?rest_route=\/wp\/v2\/posts\/15018\/revisions"}],"predecessor-version":[{"id":15019,"href":"https:\/\/viajamagazine.com\/index.php?rest_route=\/wp\/v2\/posts\/15018\/revisions\/15019"}],"wp:featuredmedia":[{"embeddable":true,"href":"https:\/\/viajamagazine.com\/index.php?rest_route=\/wp\/v2\/media\/15020"}],"wp:attachment":[{"href":"https:\/\/viajamagazine.com\/index.php?rest_route=%2Fwp%2Fv2%2Fmedia&parent=15018"}],"wp:term":[{"taxonomy":"category","embeddable":true,"href":"https:\/\/viajamagazine.com\/index.php?rest_route=%2Fwp%2Fv2%2Fcategories&post=15018"},{"taxonomy":"post_tag","embeddable":true,"href":"https:\/\/viajamagazine.com\/index.php?rest_route=%2Fwp%2Fv2%2Ftags&post=15018"}],"curies":[{"name":"wp","href":"https:\/\/api.w.org\/{rel}","templated":true}]}}