{"id":14973,"date":"2025-03-19T10:41:55","date_gmt":"2025-03-19T16:41:55","guid":{"rendered":"https:\/\/viajamagazine.com\/?p=14973"},"modified":"2025-03-19T16:41:56","modified_gmt":"2025-03-19T16:41:56","slug":"turquia-ankara-macedonia-del-norte-incendio-de-discoteca-sobrevivientes-tratamiento-2","status":"publish","type":"post","link":"https:\/\/viajamagazine.com\/?p=14973","title":{"rendered":"TURQUIA-ANKARA-MACEDONIA DEL NORTE-INCENDIO DE DISCOTECA-SOBREVIVIENTES-TRATAMIENTO"},"content":{"rendered":"<div class=\"el-scrollbar__wrap\">\n<div class=\"el-scrollbar__view\">\n<div class=\"news-content\" data-v-1eda797c=\"\">(250317) &#8212; ANKARA, 17 marzo, 2025 (Xinhua) &#8212; Personas cuidan de una persona herida en el incendio de una discoteca en Macedonia del Norte, en Ankara, Turqu\u00eda, el 17 de marzo de 2025. Nueve personas heridas en el incendio de una discoteca en Macedonia del Norte el domingo han sido tra\u00eddas a Turqu\u00eda para ser tratadas, dijo el lunes el Ministerio de Salud turco. Al menos 59 personas murieron y m\u00e1s de 100 fueron hospitalizadas despu\u00e9s de un devastador incendio que estall\u00f3 el domingo en una discoteca en Kocani, Macedonia del Norte. (Xinhua\/Mustafa Kaya) (rtg) (ah) (ce)<\/div>\n<\/div>\n<\/div>\n<div class=\"el-scrollbar__bar is-horizontal\"><\/div>\n","protected":false},"excerpt":{"rendered":"<p>(250317) &#8212; ANKARA, 17 marzo, 2025 (Xinhua) &#8212; Personas cuidan de una persona herida en&#8230;<\/p>\n","protected":false},"author":1,"featured_media":14975,"comment_status":"open","ping_status":"closed","sticky":false,"template":"","format":"standard","meta":{"footnotes":""},"categories":[2],"tags":[],"class_list":["post-14973","post","type-post","status-publish","format-standard","has-post-thumbnail","hentry","category-internacional"],"_links":{"self":[{"href":"https:\/\/viajamagazine.com\/index.php?rest_route=\/wp\/v2\/posts\/14973","targetHints":{"allow":["GET"]}}],"collection":[{"href":"https:\/\/viajamagazine.com\/index.php?rest_route=\/wp\/v2\/posts"}],"about":[{"href":"https:\/\/viajamagazine.com\/index.php?rest_route=\/wp\/v2\/types\/post"}],"author":[{"embeddable":true,"href":"https:\/\/viajamagazine.com\/index.php?rest_route=\/wp\/v2\/users\/1"}],"replies":[{"embeddable":true,"href":"https:\/\/viajamagazine.com\/index.php?rest_route=%2Fwp%2Fv2%2Fcomments&post=14973"}],"version-history":[{"count":1,"href":"https:\/\/viajamagazine.com\/index.php?rest_route=\/wp\/v2\/posts\/14973\/revisions"}],"predecessor-version":[{"id":14974,"href":"https:\/\/viajamagazine.com\/index.php?rest_route=\/wp\/v2\/posts\/14973\/revisions\/14974"}],"wp:featuredmedia":[{"embeddable":true,"href":"https:\/\/viajamagazine.com\/index.php?rest_route=\/wp\/v2\/media\/14975"}],"wp:attachment":[{"href":"https:\/\/viajamagazine.com\/index.php?rest_route=%2Fwp%2Fv2%2Fmedia&parent=14973"}],"wp:term":[{"taxonomy":"category","embeddable":true,"href":"https:\/\/viajamagazine.com\/index.php?rest_route=%2Fwp%2Fv2%2Fcategories&post=14973"},{"taxonomy":"post_tag","embeddable":true,"href":"https:\/\/viajamagazine.com\/index.php?rest_route=%2Fwp%2Fv2%2Ftags&post=14973"}],"curies":[{"name":"wp","href":"https:\/\/api.w.org\/{rel}","templated":true}]}}