{"id":14967,"date":"2025-03-19T10:41:04","date_gmt":"2025-03-19T16:41:04","guid":{"rendered":"https:\/\/viajamagazine.com\/?p=14967"},"modified":"2025-03-19T16:41:05","modified_gmt":"2025-03-19T16:41:05","slug":"venezuela-caracas-rodriguez-conferencia-2","status":"publish","type":"post","link":"https:\/\/viajamagazine.com\/?p=14967","title":{"rendered":"VENEZUELA-CARACAS-RODRIGUEZ-CONFERENCIA"},"content":{"rendered":"<div class=\"el-scrollbar__wrap\">\n<div class=\"el-scrollbar__view\">\n<div class=\"news-content\" data-v-1eda797c=\"\">(250317) &#8212; CARACAS, 17 marzo, 2025 (Xinhua) &#8212; El representante para los di\u00e1logos de paz de Venezuela y presidente de la Asamblea Nacional venezolana, Jorge Rodr\u00edguez, habla en una conferencia de prensa, en Caracas, Venezuela, el 17 de marzo de 2025. Rodr\u00edguez exigi\u00f3 el lunes la repatriaci\u00f3n de los connacionales tras la invocaci\u00f3n de la Ley Enemigos Extranjeros, que llev\u00f3 a la deportaci\u00f3n de cientos de migrantes a El Salvador. (Xinhua\/Marcos Salgado) (ms) (ah) (rtg) (ce)<\/div>\n<\/div>\n<\/div>\n<div class=\"el-scrollbar__bar is-horizontal\"><\/div>\n","protected":false},"excerpt":{"rendered":"<p>(250317) &#8212; CARACAS, 17 marzo, 2025 (Xinhua) &#8212; El representante para los di\u00e1logos de paz&#8230;<\/p>\n","protected":false},"author":1,"featured_media":14969,"comment_status":"open","ping_status":"closed","sticky":false,"template":"","format":"standard","meta":{"footnotes":""},"categories":[2],"tags":[],"class_list":["post-14967","post","type-post","status-publish","format-standard","has-post-thumbnail","hentry","category-internacional"],"_links":{"self":[{"href":"https:\/\/viajamagazine.com\/index.php?rest_route=\/wp\/v2\/posts\/14967","targetHints":{"allow":["GET"]}}],"collection":[{"href":"https:\/\/viajamagazine.com\/index.php?rest_route=\/wp\/v2\/posts"}],"about":[{"href":"https:\/\/viajamagazine.com\/index.php?rest_route=\/wp\/v2\/types\/post"}],"author":[{"embeddable":true,"href":"https:\/\/viajamagazine.com\/index.php?rest_route=\/wp\/v2\/users\/1"}],"replies":[{"embeddable":true,"href":"https:\/\/viajamagazine.com\/index.php?rest_route=%2Fwp%2Fv2%2Fcomments&post=14967"}],"version-history":[{"count":1,"href":"https:\/\/viajamagazine.com\/index.php?rest_route=\/wp\/v2\/posts\/14967\/revisions"}],"predecessor-version":[{"id":14968,"href":"https:\/\/viajamagazine.com\/index.php?rest_route=\/wp\/v2\/posts\/14967\/revisions\/14968"}],"wp:featuredmedia":[{"embeddable":true,"href":"https:\/\/viajamagazine.com\/index.php?rest_route=\/wp\/v2\/media\/14969"}],"wp:attachment":[{"href":"https:\/\/viajamagazine.com\/index.php?rest_route=%2Fwp%2Fv2%2Fmedia&parent=14967"}],"wp:term":[{"taxonomy":"category","embeddable":true,"href":"https:\/\/viajamagazine.com\/index.php?rest_route=%2Fwp%2Fv2%2Fcategories&post=14967"},{"taxonomy":"post_tag","embeddable":true,"href":"https:\/\/viajamagazine.com\/index.php?rest_route=%2Fwp%2Fv2%2Ftags&post=14967"}],"curies":[{"name":"wp","href":"https:\/\/api.w.org\/{rel}","templated":true}]}}