{"id":14955,"date":"2025-03-19T10:38:34","date_gmt":"2025-03-19T16:38:34","guid":{"rendered":"https:\/\/viajamagazine.com\/?p=14955"},"modified":"2025-03-19T16:38:35","modified_gmt":"2025-03-19T16:38:35","slug":"yemen-sana-eeuu-ataques-aereos-manifestacion-2","status":"publish","type":"post","link":"https:\/\/viajamagazine.com\/?p=14955","title":{"rendered":"YEMEN-SANA-EEUU-ATAQUES AEREOS-MANIFESTACION"},"content":{"rendered":"<div class=\"el-scrollbar__wrap\">\n<div class=\"el-scrollbar__view\">\n<div class=\"news-content\" data-v-1eda797c=\"\">(250317) &#8212; SAN\u00c1, 17 marzo, 2025 (Xinhua) &#8212; Personas participan en una manifestaci\u00f3n, en San\u00e1, Yemen, el 17 de marzo de 2025. El lunes, miles de personas se reunieron en una manifestaci\u00f3n masiva en San\u00e1 para protestar contra los ataques a\u00e9reos estadounidenses en el norte de Yemen que han causado docenas de muertes. (Xinhua\/Mohammed Mohammed) (ah) (rtg) (vf)<\/div>\n<\/div>\n<\/div>\n<div class=\"el-scrollbar__bar is-horizontal\"><\/div>\n","protected":false},"excerpt":{"rendered":"<p>(250317) &#8212; SAN\u00c1, 17 marzo, 2025 (Xinhua) &#8212; Personas participan en una manifestaci\u00f3n, en San\u00e1,&#8230;<\/p>\n","protected":false},"author":1,"featured_media":14957,"comment_status":"open","ping_status":"closed","sticky":false,"template":"","format":"standard","meta":{"footnotes":""},"categories":[2],"tags":[],"class_list":["post-14955","post","type-post","status-publish","format-standard","has-post-thumbnail","hentry","category-internacional"],"_links":{"self":[{"href":"https:\/\/viajamagazine.com\/index.php?rest_route=\/wp\/v2\/posts\/14955","targetHints":{"allow":["GET"]}}],"collection":[{"href":"https:\/\/viajamagazine.com\/index.php?rest_route=\/wp\/v2\/posts"}],"about":[{"href":"https:\/\/viajamagazine.com\/index.php?rest_route=\/wp\/v2\/types\/post"}],"author":[{"embeddable":true,"href":"https:\/\/viajamagazine.com\/index.php?rest_route=\/wp\/v2\/users\/1"}],"replies":[{"embeddable":true,"href":"https:\/\/viajamagazine.com\/index.php?rest_route=%2Fwp%2Fv2%2Fcomments&post=14955"}],"version-history":[{"count":1,"href":"https:\/\/viajamagazine.com\/index.php?rest_route=\/wp\/v2\/posts\/14955\/revisions"}],"predecessor-version":[{"id":14956,"href":"https:\/\/viajamagazine.com\/index.php?rest_route=\/wp\/v2\/posts\/14955\/revisions\/14956"}],"wp:featuredmedia":[{"embeddable":true,"href":"https:\/\/viajamagazine.com\/index.php?rest_route=\/wp\/v2\/media\/14957"}],"wp:attachment":[{"href":"https:\/\/viajamagazine.com\/index.php?rest_route=%2Fwp%2Fv2%2Fmedia&parent=14955"}],"wp:term":[{"taxonomy":"category","embeddable":true,"href":"https:\/\/viajamagazine.com\/index.php?rest_route=%2Fwp%2Fv2%2Fcategories&post=14955"},{"taxonomy":"post_tag","embeddable":true,"href":"https:\/\/viajamagazine.com\/index.php?rest_route=%2Fwp%2Fv2%2Ftags&post=14955"}],"curies":[{"name":"wp","href":"https:\/\/api.w.org\/{rel}","templated":true}]}}