{"id":14943,"date":"2025-03-19T10:37:11","date_gmt":"2025-03-19T16:37:11","guid":{"rendered":"https:\/\/viajamagazine.com\/?p=14943"},"modified":"2025-03-19T16:37:12","modified_gmt":"2025-03-19T16:37:12","slug":"cuba-habana-coloquio-internacional-3","status":"publish","type":"post","link":"https:\/\/viajamagazine.com\/?p=14943","title":{"rendered":"CUBA-HABANA-COLOQUIO INTERNACIONAL"},"content":{"rendered":"<div class=\"el-scrollbar__wrap\">\n<div class=\"el-scrollbar__view\">\n<div class=\"news-content\" data-v-1eda797c=\"\">(250317) &#8212; LA HABANA, 17 marzo, 2025 (Xinhua) &#8212; El presidente cubano, Miguel D\u00edaz-Canel (c-atr\u00e1s), posa para una fotograf\u00eda con participantes del IV Coloquio Internacional Patria, en la escalinata de la Universidad de la Habana, en La Habana, capital de Cuba, el 17 de marzo de 2025. Unos 400 expertos en comunicaci\u00f3n pol\u00edtica, de 47 pa\u00edses, participan desde el lunes en La Habana en el IV Coloquio Internacional Patria, a cuya inauguraci\u00f3n asisti\u00f3 el presidente cubano, Miguel D\u00edaz-Canel. (Xinhua\/Joaqu\u00edn Hern\u00e1ndez) (jh) (ah) (rtg) (vf)<\/div>\n<\/div>\n<\/div>\n<div class=\"el-scrollbar__bar is-horizontal\"><\/div>\n","protected":false},"excerpt":{"rendered":"<p>(250317) &#8212; LA HABANA, 17 marzo, 2025 (Xinhua) &#8212; El presidente cubano, Miguel D\u00edaz-Canel (c-atr\u00e1s),&#8230;<\/p>\n","protected":false},"author":1,"featured_media":14945,"comment_status":"open","ping_status":"closed","sticky":false,"template":"","format":"standard","meta":{"footnotes":""},"categories":[2],"tags":[],"class_list":["post-14943","post","type-post","status-publish","format-standard","has-post-thumbnail","hentry","category-internacional"],"_links":{"self":[{"href":"https:\/\/viajamagazine.com\/index.php?rest_route=\/wp\/v2\/posts\/14943","targetHints":{"allow":["GET"]}}],"collection":[{"href":"https:\/\/viajamagazine.com\/index.php?rest_route=\/wp\/v2\/posts"}],"about":[{"href":"https:\/\/viajamagazine.com\/index.php?rest_route=\/wp\/v2\/types\/post"}],"author":[{"embeddable":true,"href":"https:\/\/viajamagazine.com\/index.php?rest_route=\/wp\/v2\/users\/1"}],"replies":[{"embeddable":true,"href":"https:\/\/viajamagazine.com\/index.php?rest_route=%2Fwp%2Fv2%2Fcomments&post=14943"}],"version-history":[{"count":1,"href":"https:\/\/viajamagazine.com\/index.php?rest_route=\/wp\/v2\/posts\/14943\/revisions"}],"predecessor-version":[{"id":14944,"href":"https:\/\/viajamagazine.com\/index.php?rest_route=\/wp\/v2\/posts\/14943\/revisions\/14944"}],"wp:featuredmedia":[{"embeddable":true,"href":"https:\/\/viajamagazine.com\/index.php?rest_route=\/wp\/v2\/media\/14945"}],"wp:attachment":[{"href":"https:\/\/viajamagazine.com\/index.php?rest_route=%2Fwp%2Fv2%2Fmedia&parent=14943"}],"wp:term":[{"taxonomy":"category","embeddable":true,"href":"https:\/\/viajamagazine.com\/index.php?rest_route=%2Fwp%2Fv2%2Fcategories&post=14943"},{"taxonomy":"post_tag","embeddable":true,"href":"https:\/\/viajamagazine.com\/index.php?rest_route=%2Fwp%2Fv2%2Ftags&post=14943"}],"curies":[{"name":"wp","href":"https:\/\/api.w.org\/{rel}","templated":true}]}}