{"id":14937,"date":"2025-03-18T15:23:07","date_gmt":"2025-03-18T21:23:07","guid":{"rendered":"https:\/\/viajamagazine.com\/?p=14937"},"modified":"2025-03-18T21:23:08","modified_gmt":"2025-03-18T21:23:08","slug":"cuba-habana-coloquio-internacional","status":"publish","type":"post","link":"https:\/\/viajamagazine.com\/?p=14937","title":{"rendered":"CUBA-HABANA-COLOQUIO INTERNACIONAL"},"content":{"rendered":"<div class=\"el-scrollbar__wrap\">\n<div class=\"el-scrollbar__view\">\n<div class=\"news-content\" data-v-1eda797c=\"\">(250317) &#8212; LA HABANA, 17 marzo, 2025 (Xinhua) &#8212; El presidente cubano, Miguel D\u00edaz-Canel (c-frente), asiste a la inauguraci\u00f3n del IV Coloquio Internacional Patria, en La Habana, capital de Cuba, el 17 de marzo de 2025. Unos 400 expertos en comunicaci\u00f3n pol\u00edtica, de 47 pa\u00edses, participan desde el lunes en La Habana en el IV Coloquio Internacional Patria, a cuya inauguraci\u00f3n asisti\u00f3 el presidente cubano, Miguel D\u00edaz-Canel. (Xinhua\/Joaqu\u00edn Hern\u00e1ndez) (jh) (ah) (rtg) (vf)<\/div>\n<\/div>\n<\/div>\n<div class=\"el-scrollbar__bar is-horizontal\"><\/div>\n","protected":false},"excerpt":{"rendered":"<p>(250317) &#8212; LA HABANA, 17 marzo, 2025 (Xinhua) &#8212; El presidente cubano, Miguel D\u00edaz-Canel (c-frente),&#8230;<\/p>\n","protected":false},"author":1,"featured_media":14939,"comment_status":"open","ping_status":"closed","sticky":false,"template":"","format":"standard","meta":{"footnotes":""},"categories":[2],"tags":[],"class_list":["post-14937","post","type-post","status-publish","format-standard","has-post-thumbnail","hentry","category-internacional"],"_links":{"self":[{"href":"https:\/\/viajamagazine.com\/index.php?rest_route=\/wp\/v2\/posts\/14937","targetHints":{"allow":["GET"]}}],"collection":[{"href":"https:\/\/viajamagazine.com\/index.php?rest_route=\/wp\/v2\/posts"}],"about":[{"href":"https:\/\/viajamagazine.com\/index.php?rest_route=\/wp\/v2\/types\/post"}],"author":[{"embeddable":true,"href":"https:\/\/viajamagazine.com\/index.php?rest_route=\/wp\/v2\/users\/1"}],"replies":[{"embeddable":true,"href":"https:\/\/viajamagazine.com\/index.php?rest_route=%2Fwp%2Fv2%2Fcomments&post=14937"}],"version-history":[{"count":1,"href":"https:\/\/viajamagazine.com\/index.php?rest_route=\/wp\/v2\/posts\/14937\/revisions"}],"predecessor-version":[{"id":14938,"href":"https:\/\/viajamagazine.com\/index.php?rest_route=\/wp\/v2\/posts\/14937\/revisions\/14938"}],"wp:featuredmedia":[{"embeddable":true,"href":"https:\/\/viajamagazine.com\/index.php?rest_route=\/wp\/v2\/media\/14939"}],"wp:attachment":[{"href":"https:\/\/viajamagazine.com\/index.php?rest_route=%2Fwp%2Fv2%2Fmedia&parent=14937"}],"wp:term":[{"taxonomy":"category","embeddable":true,"href":"https:\/\/viajamagazine.com\/index.php?rest_route=%2Fwp%2Fv2%2Fcategories&post=14937"},{"taxonomy":"post_tag","embeddable":true,"href":"https:\/\/viajamagazine.com\/index.php?rest_route=%2Fwp%2Fv2%2Ftags&post=14937"}],"curies":[{"name":"wp","href":"https:\/\/api.w.org\/{rel}","templated":true}]}}