{"id":14838,"date":"2025-03-18T14:33:00","date_gmt":"2025-03-18T20:33:00","guid":{"rendered":"https:\/\/viajamagazine.com\/?p=14838"},"modified":"2025-03-18T20:33:01","modified_gmt":"2025-03-18T20:33:01","slug":"ecuador-quito-debate-presidencial-3","status":"publish","type":"post","link":"https:\/\/viajamagazine.com\/?p=14838","title":{"rendered":"ECUADOR-QUITO-DEBATE PRESIDENCIAL"},"content":{"rendered":"<div class=\"el-scrollbar__wrap\">\n<div class=\"el-scrollbar__view\">\n<div class=\"news-content\" data-v-1eda797c=\"\">(250317) &#8212; QUITO, 17 marzo, 2025 (Xinhua) &#8212; Imagen cedida por el Consejo Nacional Electoral (CNE) de Ecuador del sorteo de ubicaci\u00f3n e intervenci\u00f3n del debate presidencial entre los candidatos presidenciales Luisa Gonz\u00e1lez y Daniel Noboa en la sede de la CNE, en Quito, capital de Ecuador, el 17 de marzo de 2025. El CNE de Ecuador defini\u00f3 el lunes mediante sorteo p\u00fablico el orden de participaci\u00f3n de los candidatos presidenciales Luisa Gonz\u00e1lez y Daniel Noboa, en el debate obligatorio del pr\u00f3ximo 23 de marzo, de cara a la segunda vuelta electoral del 13 de abril. (Xinhua\/Hamilton L\u00f3pez\/CNE) (ah) (rtg) (vf)<\/div>\n<\/div>\n<\/div>\n<div class=\"el-scrollbar__bar is-horizontal\"><\/div>\n","protected":false},"excerpt":{"rendered":"<p>(250317) &#8212; QUITO, 17 marzo, 2025 (Xinhua) &#8212; Imagen cedida por el Consejo Nacional Electoral&#8230;<\/p>\n","protected":false},"author":1,"featured_media":14840,"comment_status":"open","ping_status":"closed","sticky":false,"template":"","format":"standard","meta":{"footnotes":""},"categories":[2],"tags":[],"class_list":["post-14838","post","type-post","status-publish","format-standard","has-post-thumbnail","hentry","category-internacional"],"_links":{"self":[{"href":"https:\/\/viajamagazine.com\/index.php?rest_route=\/wp\/v2\/posts\/14838","targetHints":{"allow":["GET"]}}],"collection":[{"href":"https:\/\/viajamagazine.com\/index.php?rest_route=\/wp\/v2\/posts"}],"about":[{"href":"https:\/\/viajamagazine.com\/index.php?rest_route=\/wp\/v2\/types\/post"}],"author":[{"embeddable":true,"href":"https:\/\/viajamagazine.com\/index.php?rest_route=\/wp\/v2\/users\/1"}],"replies":[{"embeddable":true,"href":"https:\/\/viajamagazine.com\/index.php?rest_route=%2Fwp%2Fv2%2Fcomments&post=14838"}],"version-history":[{"count":1,"href":"https:\/\/viajamagazine.com\/index.php?rest_route=\/wp\/v2\/posts\/14838\/revisions"}],"predecessor-version":[{"id":14839,"href":"https:\/\/viajamagazine.com\/index.php?rest_route=\/wp\/v2\/posts\/14838\/revisions\/14839"}],"wp:featuredmedia":[{"embeddable":true,"href":"https:\/\/viajamagazine.com\/index.php?rest_route=\/wp\/v2\/media\/14840"}],"wp:attachment":[{"href":"https:\/\/viajamagazine.com\/index.php?rest_route=%2Fwp%2Fv2%2Fmedia&parent=14838"}],"wp:term":[{"taxonomy":"category","embeddable":true,"href":"https:\/\/viajamagazine.com\/index.php?rest_route=%2Fwp%2Fv2%2Fcategories&post=14838"},{"taxonomy":"post_tag","embeddable":true,"href":"https:\/\/viajamagazine.com\/index.php?rest_route=%2Fwp%2Fv2%2Ftags&post=14838"}],"curies":[{"name":"wp","href":"https:\/\/api.w.org\/{rel}","templated":true}]}}