{"id":14731,"date":"2025-03-18T13:51:03","date_gmt":"2025-03-18T19:51:03","guid":{"rendered":"https:\/\/viajamagazine.com\/?p=14731"},"modified":"2025-03-18T19:51:04","modified_gmt":"2025-03-18T19:51:04","slug":"hamas-acusa-a-netanyahu-de-violar-alto-el-fuego-y-pide-accion-internacional-urgente","status":"publish","type":"post","link":"https:\/\/viajamagazine.com\/?p=14731","title":{"rendered":"Ham\u00e1s acusa a Netanyahu de violar alto el fuego y pide acci\u00f3n internacional urgente"},"content":{"rendered":"<p>GAZA, 18 mar (Xinhua) &#8212; Ham\u00e1s acus\u00f3 hoy martes al primer ministro israel\u00ed, Benjam\u00edn Netanyahu, de \u00abreanudar la agresi\u00f3n y una guerra de genocidio\u00bb contra civiles en la Franja de Gaza, responsabilizando plenamente a Israel de las repercusiones de la renovada escalada. \u00abNetanyahu y su Gobierno son plenamente responsables de las consecuencias de la traicionera agresi\u00f3n contra Gaza, que se dirige contra civiles indefensos bajo un bloqueo asfixiante y una pol\u00edtica sistem\u00e1tica de inanici\u00f3n\u00bb, afirm\u00f3 Ham\u00e1s en un comunicado de prensa. Ham\u00e1s acus\u00f3 al Gobierno de Netanyahu de anular deliberadamente el acuerdo de alto el fuego, exponiendo as\u00ed a los prisioneros de Gaza a un destino incierto. Ham\u00e1s inst\u00f3 a los mediadores internacionales a \u00abresponsabilizar plenamente a la ocupaci\u00f3n israel\u00ed por violar el acuerdo\u00bb y subray\u00f3 la necesidad de \u00abdetener inmediatamente la agresi\u00f3n\u00bb. El movimiento tambi\u00e9n pidi\u00f3 a la Liga \u00c1rabe y a la Organizaci\u00f3n de Cooperaci\u00f3n Isl\u00e1mica que \u00abcumplan con su responsabilidad hist\u00f3rica apoyando la firmeza y resistencia del pueblo palestino y tomando medidas urgentes para levantar el asedio a Gaza\u00bb. Ham\u00e1s hizo adem\u00e1s un llamamiento a las Naciones Unidas y al Consejo de Seguridad de la ONU para que \u00abse re\u00fanan urgentemente para adoptar una resoluci\u00f3n que obligue a Israel a detener inmediatamente su agresi\u00f3n y aplicar la resoluci\u00f3n 2735, que exige el fin de las hostilidades y la retirada total de la Franja de Gaza\u00bb. Las acusaciones se produjeron despu\u00e9s de que el Ej\u00e9rcito israel\u00ed lanzara una serie de intensos ataques a\u00e9reos sobre Gaza, que constituyeron la primera acci\u00f3n militar significativa desde la entrada en vigor del acuerdo de alto el fuego el 19 de enero. Seg\u00fan fuentes m\u00e9dicas y de seguridad palestinas, el Ej\u00e9rcito israel\u00ed ha acabado con la vida de m\u00e1s de 200 palestinos en el enclave costero en este \u00faltimo ataque. Fin<\/p>\n","protected":false},"excerpt":{"rendered":"<p>GAZA, 18 mar (Xinhua) &#8212; Ham\u00e1s acus\u00f3 hoy martes al primer ministro israel\u00ed, Benjam\u00edn Netanyahu,&#8230;<\/p>\n","protected":false},"author":1,"featured_media":0,"comment_status":"open","ping_status":"closed","sticky":false,"template":"","format":"standard","meta":{"footnotes":""},"categories":[2],"tags":[],"class_list":["post-14731","post","type-post","status-publish","format-standard","hentry","category-internacional"],"_links":{"self":[{"href":"https:\/\/viajamagazine.com\/index.php?rest_route=\/wp\/v2\/posts\/14731","targetHints":{"allow":["GET"]}}],"collection":[{"href":"https:\/\/viajamagazine.com\/index.php?rest_route=\/wp\/v2\/posts"}],"about":[{"href":"https:\/\/viajamagazine.com\/index.php?rest_route=\/wp\/v2\/types\/post"}],"author":[{"embeddable":true,"href":"https:\/\/viajamagazine.com\/index.php?rest_route=\/wp\/v2\/users\/1"}],"replies":[{"embeddable":true,"href":"https:\/\/viajamagazine.com\/index.php?rest_route=%2Fwp%2Fv2%2Fcomments&post=14731"}],"version-history":[{"count":1,"href":"https:\/\/viajamagazine.com\/index.php?rest_route=\/wp\/v2\/posts\/14731\/revisions"}],"predecessor-version":[{"id":14732,"href":"https:\/\/viajamagazine.com\/index.php?rest_route=\/wp\/v2\/posts\/14731\/revisions\/14732"}],"wp:attachment":[{"href":"https:\/\/viajamagazine.com\/index.php?rest_route=%2Fwp%2Fv2%2Fmedia&parent=14731"}],"wp:term":[{"taxonomy":"category","embeddable":true,"href":"https:\/\/viajamagazine.com\/index.php?rest_route=%2Fwp%2Fv2%2Fcategories&post=14731"},{"taxonomy":"post_tag","embeddable":true,"href":"https:\/\/viajamagazine.com\/index.php?rest_route=%2Fwp%2Fv2%2Ftags&post=14731"}],"curies":[{"name":"wp","href":"https:\/\/api.w.org\/{rel}","templated":true}]}}