{"id":14715,"date":"2025-03-18T13:48:34","date_gmt":"2025-03-18T19:48:34","guid":{"rendered":"https:\/\/viajamagazine.com\/?p=14715"},"modified":"2025-03-18T19:48:35","modified_gmt":"2025-03-18T19:48:35","slug":"maduro-exige-accion-internacional-contra-abusos-de-ee-uu-a-migrantes-venezolanos","status":"publish","type":"post","link":"https:\/\/viajamagazine.com\/?p=14715","title":{"rendered":"Maduro exige acci\u00f3n internacional contra abusos de EE. UU. a migrantes venezolanos"},"content":{"rendered":"<p>CARACAS, 17 mar (Xinhua) &#8212; El Gobierno de Venezuela anunci\u00f3 esta noche que solicitar\u00e1 la activaci\u00f3n de mecanismos de protecci\u00f3n internacional para los migrantes venezolanos que han sido detenidos arbitrariamente y enviados a centros de reclusi\u00f3n en Estados Unidos y El Salvador. El presidente de Venezuela, Nicol\u00e1s Maduro, denunci\u00f3 estos hechos como violaciones flagrantes de los derechos humanos y cr\u00edmenes de lesa humanidad. \u00abNo descansaremos hasta lograr que los venezolanos secuestrados y enviados a c\u00e1rceles en El Salvador, vulnerados y sometidos sin debido proceso ni derecho a la defensa, regresen a su patria\u00bb, expres\u00f3 Maduro durante la edici\u00f3n N\u00b074 de su programa semanal Con Maduro+. A trav\u00e9s de la televisora estatal, el mandatario inform\u00f3 que enviar\u00e1 comunicaciones al secretario general de la Organizaci\u00f3n de Naciones Unidas (ONU), al Alto Comisionado de Derechos Humanos, a los presidentes de Am\u00e9rica Latina y el Caribe, y a diversas organizaciones internacionales especializadas en migraci\u00f3n y derechos humanos. La petici\u00f3n busca que estos organismos exijan a Estados Unidos y El Salvador el cese de estas pr\u00e1cticas y garanticen el respeto a los derechos fundamentales de los migrantes venezolanos. Maduro denunci\u00f3 el uso de c\u00e1rceles de m\u00e1xima seguridad en ambos pa\u00edses, donde los migrantes son privados de libertad sin juicio previo. Asimismo, el jefe de Estado rechaz\u00f3 la aplicaci\u00f3n de la Ley de Enemigos Extranjeros de 1798 el pasado fin de semana por Estados Unidos, calific\u00e1ndola como una normativa anacr\u00f3nica y utilizada con fines discriminatorios. \u00abEs una ley obsoleta, previa al sistema de justicia humanitario que rige el mundo actual. Calificar a nuestros migrantes como delincuentes o terroristas es una de las mayores injusticias que se hayan cometido contra un pueblo de Am\u00e9rica Latina y el Caribe\u00bb, afirm\u00f3. El mandatario tambi\u00e9n anunci\u00f3 la reanudaci\u00f3n del programa estatal de repatriaciones Plan Vuelta a la Patria, con un vuelo proveniente de Estados Unidos programado para el pr\u00f3ximo s\u00e1bado, luego de haber sido suspendido por razones clim\u00e1ticas. \u00abNuestros migrantes deben regresar con sus familias a su pa\u00eds. No permitiremos que sean sometidos a trabajos forzados ni tratos degradantes\u00bb, asegur\u00f3. Fin<\/p>\n","protected":false},"excerpt":{"rendered":"<p>CARACAS, 17 mar (Xinhua) &#8212; El Gobierno de Venezuela anunci\u00f3 esta noche que solicitar\u00e1 la&#8230;<\/p>\n","protected":false},"author":1,"featured_media":0,"comment_status":"open","ping_status":"closed","sticky":false,"template":"","format":"standard","meta":{"footnotes":""},"categories":[2],"tags":[],"class_list":["post-14715","post","type-post","status-publish","format-standard","hentry","category-internacional"],"_links":{"self":[{"href":"https:\/\/viajamagazine.com\/index.php?rest_route=\/wp\/v2\/posts\/14715","targetHints":{"allow":["GET"]}}],"collection":[{"href":"https:\/\/viajamagazine.com\/index.php?rest_route=\/wp\/v2\/posts"}],"about":[{"href":"https:\/\/viajamagazine.com\/index.php?rest_route=\/wp\/v2\/types\/post"}],"author":[{"embeddable":true,"href":"https:\/\/viajamagazine.com\/index.php?rest_route=\/wp\/v2\/users\/1"}],"replies":[{"embeddable":true,"href":"https:\/\/viajamagazine.com\/index.php?rest_route=%2Fwp%2Fv2%2Fcomments&post=14715"}],"version-history":[{"count":1,"href":"https:\/\/viajamagazine.com\/index.php?rest_route=\/wp\/v2\/posts\/14715\/revisions"}],"predecessor-version":[{"id":14716,"href":"https:\/\/viajamagazine.com\/index.php?rest_route=\/wp\/v2\/posts\/14715\/revisions\/14716"}],"wp:attachment":[{"href":"https:\/\/viajamagazine.com\/index.php?rest_route=%2Fwp%2Fv2%2Fmedia&parent=14715"}],"wp:term":[{"taxonomy":"category","embeddable":true,"href":"https:\/\/viajamagazine.com\/index.php?rest_route=%2Fwp%2Fv2%2Fcategories&post=14715"},{"taxonomy":"post_tag","embeddable":true,"href":"https:\/\/viajamagazine.com\/index.php?rest_route=%2Fwp%2Fv2%2Ftags&post=14715"}],"curies":[{"name":"wp","href":"https:\/\/api.w.org\/{rel}","templated":true}]}}