{"id":14711,"date":"2025-03-18T13:47:59","date_gmt":"2025-03-18T19:47:59","guid":{"rendered":"https:\/\/viajamagazine.com\/?p=14711"},"modified":"2025-03-18T19:48:00","modified_gmt":"2025-03-18T19:48:00","slug":"ampliacion-israel-deja-mas-de-200-palestinos-muertos-en-gaza-en-intensos-ataques-aereos-por-primera-vez-desde-alto-el-fuego","status":"publish","type":"post","link":"https:\/\/viajamagazine.com\/?p=14711","title":{"rendered":"Ampliaci\u00f3n: Israel deja m\u00e1s de 200 palestinos muertos en Gaza en intensos ataques a\u00e9reos por primera vez desde alto el fuego"},"content":{"rendered":"<p>GAZA\/JERUSAL\u00c9N, 18 mar (Xinhua) &#8212; El Ej\u00e9rcito israel\u00ed llev\u00f3 a cabo hoy martes intensos ataques a\u00e9reos sobre el norte y el centro de la Franja de Gaza, marcando la escalada m\u00e1s violenta desde el alto el fuego, seg\u00fan fuentes locales y testigos presenciales. Fuentes palestinas dijeron a Xinhua que aviones de guerra israel\u00edes lanzaron incursiones de una escala sin precedentes, provocando explosiones sucesivas en varias zonas del norte y el centro de Gaza. En un primer comunicado, la Defensa Civil Palestina afirm\u00f3 que los aviones israel\u00edes atacaron viviendas, mezquitas, escuelas y refugios, lo que caus\u00f3 numerosas v\u00edctimas. \u00abNuestro personal enfrenta enormes dificultades debido al tama\u00f1o y n\u00famero de objetivos golpeados simult\u00e1neamente\u00bb, agreg\u00f3 la Defensa Civil. La oficina del primer ministro israel\u00ed, Benjamin Netanyahu, anunci\u00f3 a primera hora del martes que Netanyahu y el ministro de Defensa del pa\u00eds, Israel Katz, hab\u00edan ordenado a los militares \u00abactuar con contundencia contra Ham\u00e1s en la Franja de Gaza\u00bb. Seg\u00fan el comunicado, la medida se produjo despu\u00e9s de que Ham\u00e1s \u00abse negara repetidamente a liberar a los rehenes\u00bb y rechazara las propuestas presentadas por el enviado estadounidense, Steve Witkoff, y otros mediadores. Las Fuerzas de Defensa de Israel (FDI) est\u00e1n llevando a cabo \u00abataques amplios\u00bb contra objetivos de Ham\u00e1s, indic\u00f3. Los ataques se llevaron a cabo bajo un plan de acci\u00f3n presentado por las FDI durante el fin de semana y aprobado por los l\u00edderes pol\u00edticos, agreg\u00f3 el comunicado. En otra declaraci\u00f3n separada, Katz advirti\u00f3 que si Ham\u00e1s no libera a todos los rehenes, \u00abse abrir\u00e1n las puertas del infierno en Gaza\u00bb y que Ham\u00e1s se enfrentar\u00e1 al Ej\u00e9rcito israel\u00ed \u00abcon una intensidad sin precedentes\u00bb. La estatal Army Radio israel\u00ed dijo que la medida muestra que el fr\u00e1gil alto el fuego entre Israel y Ham\u00e1s, que entr\u00f3 en vigor el 19 de enero, \u00abha colapsado\u00bb. Fin<\/p>\n","protected":false},"excerpt":{"rendered":"<p>GAZA\/JERUSAL\u00c9N, 18 mar (Xinhua) &#8212; El Ej\u00e9rcito israel\u00ed llev\u00f3 a cabo hoy martes intensos ataques&#8230;<\/p>\n","protected":false},"author":1,"featured_media":0,"comment_status":"open","ping_status":"closed","sticky":false,"template":"","format":"standard","meta":{"footnotes":""},"categories":[2],"tags":[],"class_list":["post-14711","post","type-post","status-publish","format-standard","hentry","category-internacional"],"_links":{"self":[{"href":"https:\/\/viajamagazine.com\/index.php?rest_route=\/wp\/v2\/posts\/14711","targetHints":{"allow":["GET"]}}],"collection":[{"href":"https:\/\/viajamagazine.com\/index.php?rest_route=\/wp\/v2\/posts"}],"about":[{"href":"https:\/\/viajamagazine.com\/index.php?rest_route=\/wp\/v2\/types\/post"}],"author":[{"embeddable":true,"href":"https:\/\/viajamagazine.com\/index.php?rest_route=\/wp\/v2\/users\/1"}],"replies":[{"embeddable":true,"href":"https:\/\/viajamagazine.com\/index.php?rest_route=%2Fwp%2Fv2%2Fcomments&post=14711"}],"version-history":[{"count":1,"href":"https:\/\/viajamagazine.com\/index.php?rest_route=\/wp\/v2\/posts\/14711\/revisions"}],"predecessor-version":[{"id":14712,"href":"https:\/\/viajamagazine.com\/index.php?rest_route=\/wp\/v2\/posts\/14711\/revisions\/14712"}],"wp:attachment":[{"href":"https:\/\/viajamagazine.com\/index.php?rest_route=%2Fwp%2Fv2%2Fmedia&parent=14711"}],"wp:term":[{"taxonomy":"category","embeddable":true,"href":"https:\/\/viajamagazine.com\/index.php?rest_route=%2Fwp%2Fv2%2Fcategories&post=14711"},{"taxonomy":"post_tag","embeddable":true,"href":"https:\/\/viajamagazine.com\/index.php?rest_route=%2Fwp%2Fv2%2Ftags&post=14711"}],"curies":[{"name":"wp","href":"https:\/\/api.w.org\/{rel}","templated":true}]}}