{"id":14707,"date":"2025-03-18T13:47:04","date_gmt":"2025-03-18T19:47:04","guid":{"rendered":"https:\/\/viajamagazine.com\/?p=14707"},"modified":"2025-03-18T19:47:05","modified_gmt":"2025-03-18T19:47:05","slug":"trump-nombra-a-ceo-de-aerolinea-para-dirigir-administracion-federal-de-aviacion","status":"publish","type":"post","link":"https:\/\/viajamagazine.com\/?p=14707","title":{"rendered":"Trump nombra a CEO de aerol\u00ednea para dirigir Administraci\u00f3n Federal de Aviaci\u00f3n"},"content":{"rendered":"<p>WASHINGTON, 17 mar (Xinhua) &#8212; El presidente estadounidense, Donald Trump, anunci\u00f3 el lunes su nominaci\u00f3n del director ejecutivo de Republic Airlines, Bryan Bedford, para dirigir la Administraci\u00f3n Federal de Aviaci\u00f3n (FAA, siglas en ingl\u00e9s), tras una colisi\u00f3n fatal en el aire entre un helic\u00f3ptero Black Hawk y un avi\u00f3n de pasajeros. \u00abBrian trae m\u00e1s de tres d\u00e9cadas de experiencia en aviaci\u00f3n y liderazgo ejecutivo a este puesto clave\u00bb, dijo Trump en redes sociales. El cargo requiere la aprobaci\u00f3n del Senado. Si se confirma, dirigir\u00e1 a las agencias federales para abordar desaf\u00edos importantes, como la escasez de controladores de tr\u00e1fico a\u00e9reo y los despidos masivos en curso de empleados federales. La FAA inform\u00f3 el viernes de que est\u00e1 imponiendo restricciones permanentes a las operaciones de helic\u00f3pteros no esenciales alrededor del Aeropuerto Nacional Ronald Reagan de Washington y eliminando el tr\u00e1fico mixto de helic\u00f3pteros y aviones de pasajeros, siguiendo las recomendaciones de la Junta Nacional de Seguridad en el Transporte. Las \u00faltimas reglas de la agencia federal llegan m\u00e1s de un mes despu\u00e9s de la mortal colisi\u00f3n entre un helic\u00f3ptero Black Hawk y un avi\u00f3n de pasajeros cerca del aeropuerto el 29 de enero, que caus\u00f3 la muerte de 67 personas. Fin<\/p>\n","protected":false},"excerpt":{"rendered":"<p>WASHINGTON, 17 mar (Xinhua) &#8212; El presidente estadounidense, Donald Trump, anunci\u00f3 el lunes su nominaci\u00f3n&#8230;<\/p>\n","protected":false},"author":1,"featured_media":0,"comment_status":"open","ping_status":"closed","sticky":false,"template":"","format":"standard","meta":{"footnotes":""},"categories":[2],"tags":[],"class_list":["post-14707","post","type-post","status-publish","format-standard","hentry","category-internacional"],"_links":{"self":[{"href":"https:\/\/viajamagazine.com\/index.php?rest_route=\/wp\/v2\/posts\/14707","targetHints":{"allow":["GET"]}}],"collection":[{"href":"https:\/\/viajamagazine.com\/index.php?rest_route=\/wp\/v2\/posts"}],"about":[{"href":"https:\/\/viajamagazine.com\/index.php?rest_route=\/wp\/v2\/types\/post"}],"author":[{"embeddable":true,"href":"https:\/\/viajamagazine.com\/index.php?rest_route=\/wp\/v2\/users\/1"}],"replies":[{"embeddable":true,"href":"https:\/\/viajamagazine.com\/index.php?rest_route=%2Fwp%2Fv2%2Fcomments&post=14707"}],"version-history":[{"count":1,"href":"https:\/\/viajamagazine.com\/index.php?rest_route=\/wp\/v2\/posts\/14707\/revisions"}],"predecessor-version":[{"id":14708,"href":"https:\/\/viajamagazine.com\/index.php?rest_route=\/wp\/v2\/posts\/14707\/revisions\/14708"}],"wp:attachment":[{"href":"https:\/\/viajamagazine.com\/index.php?rest_route=%2Fwp%2Fv2%2Fmedia&parent=14707"}],"wp:term":[{"taxonomy":"category","embeddable":true,"href":"https:\/\/viajamagazine.com\/index.php?rest_route=%2Fwp%2Fv2%2Fcategories&post=14707"},{"taxonomy":"post_tag","embeddable":true,"href":"https:\/\/viajamagazine.com\/index.php?rest_route=%2Fwp%2Fv2%2Ftags&post=14707"}],"curies":[{"name":"wp","href":"https:\/\/api.w.org\/{rel}","templated":true}]}}