{"id":14705,"date":"2025-03-18T13:46:48","date_gmt":"2025-03-18T19:46:48","guid":{"rendered":"https:\/\/viajamagazine.com\/?p=14705"},"modified":"2025-03-18T19:46:49","modified_gmt":"2025-03-18T19:46:49","slug":"alba-tcp-condena-uso-de-ley-estadounidense-contra-migrantes-venezolanos","status":"publish","type":"post","link":"https:\/\/viajamagazine.com\/?p=14705","title":{"rendered":"ALBA-TCP condena uso de ley estadounidense contra migrantes venezolanos"},"content":{"rendered":"<p>CARACAS, 17 mar (Xinhua) &#8212; La Alianza Bolivariana para los Pueblos de Nuestra Am\u00e9rica- Tratado de Comercio de los Pueblos (ALBA-TCP) rechaz\u00f3 este lunes la aplicaci\u00f3n de la Ley de Enemigos Extranjeros de 1798 por parte de Estados Unidos, calific\u00e1ndola como una medida arbitraria que criminaliza a la migraci\u00f3n venezolana y vulnera el derecho internacional. Seg\u00fan el bloque regional, esta norma, utilizada hist\u00f3ricamente en contextos de guerra, ahora justifica expulsiones forzadas, expropiaci\u00f3n de bienes y separaci\u00f3n de familias sin garant\u00edas legales. Adem\u00e1s, denunci\u00f3 el uso de terceros pa\u00edses como centros de detenci\u00f3n extrajudicial, lo que consider\u00f3 un delito de lesa humanidad. El ALBA-TCP se\u00f1al\u00f3 como ejemplo la deportaci\u00f3n de 238 venezolanos a El Salvador, donde fueron recluidos en un centro de alta seguridad sin juicio previo. En este sentido, el organismo regional acus\u00f3 al secretario de Estado de EE. UU., Marco Rubio, y al presidente salvadore\u00f1o, Nayib Bukele, de coordinar esta operaci\u00f3n y de violentar la dignidad de los migrantes. El organismo advirti\u00f3 que esta pol\u00edtica sienta un precedente peligroso para Am\u00e9rica Latina y record\u00f3 que la historia ha demostrado c\u00f3mo leyes discriminatorias han sido usadas para justificar represi\u00f3n y segregaci\u00f3n. Ante esta situaci\u00f3n, el ALBA-TCP urgi\u00f3 a la comunidad internacional a pronunciarse contra lo que calific\u00f3 como una estrategia de agresi\u00f3n transnacional. Finalmente, el bloque de pa\u00edses reafirm\u00f3 su respaldo a Venezuela y enfatiz\u00f3 la importancia de la unidad regional para enfrentar estas acciones. Fin<\/p>\n","protected":false},"excerpt":{"rendered":"<p>CARACAS, 17 mar (Xinhua) &#8212; La Alianza Bolivariana para los Pueblos de Nuestra Am\u00e9rica- Tratado&#8230;<\/p>\n","protected":false},"author":1,"featured_media":0,"comment_status":"open","ping_status":"closed","sticky":false,"template":"","format":"standard","meta":{"footnotes":""},"categories":[2],"tags":[],"class_list":["post-14705","post","type-post","status-publish","format-standard","hentry","category-internacional"],"_links":{"self":[{"href":"https:\/\/viajamagazine.com\/index.php?rest_route=\/wp\/v2\/posts\/14705","targetHints":{"allow":["GET"]}}],"collection":[{"href":"https:\/\/viajamagazine.com\/index.php?rest_route=\/wp\/v2\/posts"}],"about":[{"href":"https:\/\/viajamagazine.com\/index.php?rest_route=\/wp\/v2\/types\/post"}],"author":[{"embeddable":true,"href":"https:\/\/viajamagazine.com\/index.php?rest_route=\/wp\/v2\/users\/1"}],"replies":[{"embeddable":true,"href":"https:\/\/viajamagazine.com\/index.php?rest_route=%2Fwp%2Fv2%2Fcomments&post=14705"}],"version-history":[{"count":1,"href":"https:\/\/viajamagazine.com\/index.php?rest_route=\/wp\/v2\/posts\/14705\/revisions"}],"predecessor-version":[{"id":14706,"href":"https:\/\/viajamagazine.com\/index.php?rest_route=\/wp\/v2\/posts\/14705\/revisions\/14706"}],"wp:attachment":[{"href":"https:\/\/viajamagazine.com\/index.php?rest_route=%2Fwp%2Fv2%2Fmedia&parent=14705"}],"wp:term":[{"taxonomy":"category","embeddable":true,"href":"https:\/\/viajamagazine.com\/index.php?rest_route=%2Fwp%2Fv2%2Fcategories&post=14705"},{"taxonomy":"post_tag","embeddable":true,"href":"https:\/\/viajamagazine.com\/index.php?rest_route=%2Fwp%2Fv2%2Ftags&post=14705"}],"curies":[{"name":"wp","href":"https:\/\/api.w.org\/{rel}","templated":true}]}}