{"id":14703,"date":"2025-03-18T13:46:32","date_gmt":"2025-03-18T19:46:32","guid":{"rendered":"https:\/\/viajamagazine.com\/?p=14703"},"modified":"2025-03-18T19:46:33","modified_gmt":"2025-03-18T19:46:33","slug":"presidenta-hondurena-lamenta-accidente-aereo-en-roatan-que-dejo-al-menos-seis-personas-fallecidas","status":"publish","type":"post","link":"https:\/\/viajamagazine.com\/?p=14703","title":{"rendered":"Presidenta hondure\u00f1a lamenta accidente a\u00e9reo en Roat\u00e1n que dej\u00f3 al menos seis personas fallecidas"},"content":{"rendered":"<p>M\u00c9XICO, 17 mar (Xinhua) &#8212; La presidenta de Honduras, Xiomara Castro, lament\u00f3 el accidente a\u00e9reo ocurrido la tarde de este lunes en la isla de Roat\u00e1n, donde una avioneta con 18 personas a bordo cay\u00f3 al mar, causando la muerte de al menos seis personas. A trav\u00e9s de su cuenta de la red social X, la mandataria explic\u00f3 que, ante el siniestro, activ\u00f3 de manera inmediata el Comit\u00e9 de Operaciones de Emergencia (COE), integrado por las Fuerzas Armadas, el Cuerpo de Bomberos de Honduras, la Secretar\u00eda de Gesti\u00f3n de Riesgos y Contingencias Nacionales (Copeco), la Polic\u00eda Nacional, el Sistema Nacional de Emergencias 911, la Cruz Roja y la Secretar\u00eda de Salud. El equipo del COE, subray\u00f3 la presidenta hondure\u00f1a, se moviliz\u00f3 r\u00e1pidamente hacia la zona del accidente, ubicada aproximadamente a un kil\u00f3metro del aeropuerto internacional Juan Manuel G\u00e1lvez de Roat\u00e1n. \u00abEst\u00e1n asistiendo incansablemente el lamentable accidente\u00bb, escribi\u00f3 la presidenta, al tiempo que asegur\u00f3 que los hospitales p\u00fablicos de San Pedro Sula y La Ceiba est\u00e1n listos para recibir a los pasajeros que viajaban en la aeronave. Seg\u00fan declaraciones a Xinhua de la comisionada presidenta del Sistema Nacional de Emergencias 911, Miroslava Cerpas, la aeronave siniestrada, perteneciente a la empresa Lanhsa, realizaba un vuelo local desde el aeropuerto internacional Juan Manuel G\u00e1lvez hacia la ciudad de La Ceiba. El accidente ocurri\u00f3 minutos despu\u00e9s del despegue, a las 18:46 hora local (00:46 GMT), cuando la avioneta perdi\u00f3 fuerza en sus motores, presuntamente debido a una falla mec\u00e1nica. Cerpas se\u00f1al\u00f3 que las labores de rescate y salvamento han permitido la extracci\u00f3n de personas vivas y fallecidas del mar, traslad\u00e1ndolas a hospitales cercanos en ambulancias y veh\u00edculos policiales. Las autoridades hondure\u00f1as mantienen operativos de b\u00fasqueda y asistencia para garantizar la atenci\u00f3n adecuada a las v\u00edctimas del accidente. Fin<\/p>\n","protected":false},"excerpt":{"rendered":"<p>M\u00c9XICO, 17 mar (Xinhua) &#8212; La presidenta de Honduras, Xiomara Castro, lament\u00f3 el accidente a\u00e9reo&#8230;<\/p>\n","protected":false},"author":1,"featured_media":0,"comment_status":"open","ping_status":"closed","sticky":false,"template":"","format":"standard","meta":{"footnotes":""},"categories":[2],"tags":[],"class_list":["post-14703","post","type-post","status-publish","format-standard","hentry","category-internacional"],"_links":{"self":[{"href":"https:\/\/viajamagazine.com\/index.php?rest_route=\/wp\/v2\/posts\/14703","targetHints":{"allow":["GET"]}}],"collection":[{"href":"https:\/\/viajamagazine.com\/index.php?rest_route=\/wp\/v2\/posts"}],"about":[{"href":"https:\/\/viajamagazine.com\/index.php?rest_route=\/wp\/v2\/types\/post"}],"author":[{"embeddable":true,"href":"https:\/\/viajamagazine.com\/index.php?rest_route=\/wp\/v2\/users\/1"}],"replies":[{"embeddable":true,"href":"https:\/\/viajamagazine.com\/index.php?rest_route=%2Fwp%2Fv2%2Fcomments&post=14703"}],"version-history":[{"count":1,"href":"https:\/\/viajamagazine.com\/index.php?rest_route=\/wp\/v2\/posts\/14703\/revisions"}],"predecessor-version":[{"id":14704,"href":"https:\/\/viajamagazine.com\/index.php?rest_route=\/wp\/v2\/posts\/14703\/revisions\/14704"}],"wp:attachment":[{"href":"https:\/\/viajamagazine.com\/index.php?rest_route=%2Fwp%2Fv2%2Fmedia&parent=14703"}],"wp:term":[{"taxonomy":"category","embeddable":true,"href":"https:\/\/viajamagazine.com\/index.php?rest_route=%2Fwp%2Fv2%2Fcategories&post=14703"},{"taxonomy":"post_tag","embeddable":true,"href":"https:\/\/viajamagazine.com\/index.php?rest_route=%2Fwp%2Fv2%2Ftags&post=14703"}],"curies":[{"name":"wp","href":"https:\/\/api.w.org\/{rel}","templated":true}]}}