{"id":14701,"date":"2025-03-18T13:46:15","date_gmt":"2025-03-18T19:46:15","guid":{"rendered":"https:\/\/viajamagazine.com\/?p=14701"},"modified":"2025-03-18T19:46:16","modified_gmt":"2025-03-18T19:46:16","slug":"ampliacion-xi-inspecciona-provincia-de-guizhou-en-suroeste-de-china","status":"publish","type":"post","link":"https:\/\/viajamagazine.com\/?p=14701","title":{"rendered":"Ampliaci\u00f3n: Xi inspecciona provincia de Guizhou en suroeste de China"},"content":{"rendered":"<p>GUIYANG, 18 mar (Xinhua) &#8212; El secretario general del Comit\u00e9 Central del Partido Comunista de China, Xi Jinping, inspeccion\u00f3 en la tarde del lunes una aldea \u00e9tnica en la prefectura aut\u00f3noma de las etnias miao y dong de Qiandongnan, en la provincia suroccidental china de Guizhou. Xi visit\u00f3 la aldea de la etnia dong de Zhaoxing en el distrito de Liping para enterarse de las iniciativas locales relacionadas con fortalecer las organizaciones de nivel b\u00e1sico del Partido, mejorar la gobernanza social, preservar y promover la cultura \u00e9tnica tradicional, y avanzar en la revitalizaci\u00f3n rural integral. Fin<\/p>\n","protected":false},"excerpt":{"rendered":"<p>GUIYANG, 18 mar (Xinhua) &#8212; El secretario general del Comit\u00e9 Central del Partido Comunista de&#8230;<\/p>\n","protected":false},"author":1,"featured_media":0,"comment_status":"open","ping_status":"closed","sticky":false,"template":"","format":"standard","meta":{"footnotes":""},"categories":[2],"tags":[],"class_list":["post-14701","post","type-post","status-publish","format-standard","hentry","category-internacional"],"_links":{"self":[{"href":"https:\/\/viajamagazine.com\/index.php?rest_route=\/wp\/v2\/posts\/14701","targetHints":{"allow":["GET"]}}],"collection":[{"href":"https:\/\/viajamagazine.com\/index.php?rest_route=\/wp\/v2\/posts"}],"about":[{"href":"https:\/\/viajamagazine.com\/index.php?rest_route=\/wp\/v2\/types\/post"}],"author":[{"embeddable":true,"href":"https:\/\/viajamagazine.com\/index.php?rest_route=\/wp\/v2\/users\/1"}],"replies":[{"embeddable":true,"href":"https:\/\/viajamagazine.com\/index.php?rest_route=%2Fwp%2Fv2%2Fcomments&post=14701"}],"version-history":[{"count":1,"href":"https:\/\/viajamagazine.com\/index.php?rest_route=\/wp\/v2\/posts\/14701\/revisions"}],"predecessor-version":[{"id":14702,"href":"https:\/\/viajamagazine.com\/index.php?rest_route=\/wp\/v2\/posts\/14701\/revisions\/14702"}],"wp:attachment":[{"href":"https:\/\/viajamagazine.com\/index.php?rest_route=%2Fwp%2Fv2%2Fmedia&parent=14701"}],"wp:term":[{"taxonomy":"category","embeddable":true,"href":"https:\/\/viajamagazine.com\/index.php?rest_route=%2Fwp%2Fv2%2Fcategories&post=14701"},{"taxonomy":"post_tag","embeddable":true,"href":"https:\/\/viajamagazine.com\/index.php?rest_route=%2Fwp%2Fv2%2Ftags&post=14701"}],"curies":[{"name":"wp","href":"https:\/\/api.w.org\/{rel}","templated":true}]}}