{"id":14697,"date":"2025-03-18T13:45:46","date_gmt":"2025-03-18T19:45:46","guid":{"rendered":"https:\/\/viajamagazine.com\/?p=14697"},"modified":"2025-03-18T19:45:47","modified_gmt":"2025-03-18T19:45:47","slug":"gobierno-peruano-declara-emergencia-en-lima-y-callao-ante-incremento-de-ola-criminal","status":"publish","type":"post","link":"https:\/\/viajamagazine.com\/?p=14697","title":{"rendered":"Gobierno peruano declara emergencia en Lima y Callao ante incremento de ola criminal"},"content":{"rendered":"<p>LIMA, 17 mar (Xinhua) &#8212; El Gobierno peruano declar\u00f3 este lunes, por 30 d\u00edas, el estado de emergencia en Lima Metropolitana y su vecina provincia del Callao para hacer frente al incremento de las acciones criminales que se han venido registrando en los \u00faltimos d\u00edas, que incluyen homicidios. La medida ha sido oficializada a trav\u00e9s de un decreto supremo publicado en el diario oficial \u00abEl Peruano\u00bb, en el cual se\u00f1ala que de esta manera la Polic\u00eda Nacional mantendr\u00e1 \u00abel orden interno\u00bb con el apoyo de las Fuerzas Armadas. La Polic\u00eda determinar\u00e1 las zonas donde necesita ese apoyo. En el marco del estado de emergencia, queda suspendido el ejercicio de los derechos constitucionales relativos a la inviolabilidad de domicilio, libertad de tr\u00e1nsito por el territorio nacional, libertad de reuni\u00f3n y libertad y seguridad personales. Asimismo, la norma legal sostiene que la intervenci\u00f3n de la Polic\u00eda y de las Fuerzas Armadas se efectuar\u00e1 conforme a lo dispuesto en las leyes del pa\u00eds, que establecen \u00abreglas de empleo y uso de la fuerza\u00bb militar en el territorio nacional. Tambi\u00e9n se enmarcan en el \u00abProtocolo de actuaci\u00f3n conjunta del Estado para la articulaci\u00f3n de servicios en contextos de detenci\u00f3n, retenci\u00f3n e intervenci\u00f3n policial a mujeres y personas en condici\u00f3n de vulnerabilidad\u00bb. \u00abDentro de los cinco d\u00edas h\u00e1biles posteriores al t\u00e9rmino del estado de emergencia declarado por el art\u00edculo 1 del presente Decreto Supremo, la Polic\u00eda Nacional del Per\u00fa debe presentar al titular del Ministerio del Interior, un informe detallado de las acciones realizadas durante la declaratoria del r\u00e9gimen de excepci\u00f3n y los resultados obtenidos\u00bb, se\u00f1ala el texto. Este decreto sustenta que la emergencia ha sido declarada ante \u00abel incremento del accionar criminal y la inseguridad ciudadana, derivados del aumento de la comisi\u00f3n de delitos de homicidio, sicariato, extorsi\u00f3n, tr\u00e1fico il\u00edcito de drogas, entre otros, en las circunscripciones antes mencionadas\u00bb. Fin<\/p>\n","protected":false},"excerpt":{"rendered":"<p>LIMA, 17 mar (Xinhua) &#8212; El Gobierno peruano declar\u00f3 este lunes, por 30 d\u00edas, el&#8230;<\/p>\n","protected":false},"author":1,"featured_media":0,"comment_status":"open","ping_status":"closed","sticky":false,"template":"","format":"standard","meta":{"footnotes":""},"categories":[2],"tags":[],"class_list":["post-14697","post","type-post","status-publish","format-standard","hentry","category-internacional"],"_links":{"self":[{"href":"https:\/\/viajamagazine.com\/index.php?rest_route=\/wp\/v2\/posts\/14697","targetHints":{"allow":["GET"]}}],"collection":[{"href":"https:\/\/viajamagazine.com\/index.php?rest_route=\/wp\/v2\/posts"}],"about":[{"href":"https:\/\/viajamagazine.com\/index.php?rest_route=\/wp\/v2\/types\/post"}],"author":[{"embeddable":true,"href":"https:\/\/viajamagazine.com\/index.php?rest_route=\/wp\/v2\/users\/1"}],"replies":[{"embeddable":true,"href":"https:\/\/viajamagazine.com\/index.php?rest_route=%2Fwp%2Fv2%2Fcomments&post=14697"}],"version-history":[{"count":1,"href":"https:\/\/viajamagazine.com\/index.php?rest_route=\/wp\/v2\/posts\/14697\/revisions"}],"predecessor-version":[{"id":14698,"href":"https:\/\/viajamagazine.com\/index.php?rest_route=\/wp\/v2\/posts\/14697\/revisions\/14698"}],"wp:attachment":[{"href":"https:\/\/viajamagazine.com\/index.php?rest_route=%2Fwp%2Fv2%2Fmedia&parent=14697"}],"wp:term":[{"taxonomy":"category","embeddable":true,"href":"https:\/\/viajamagazine.com\/index.php?rest_route=%2Fwp%2Fv2%2Fcategories&post=14697"},{"taxonomy":"post_tag","embeddable":true,"href":"https:\/\/viajamagazine.com\/index.php?rest_route=%2Fwp%2Fv2%2Ftags&post=14697"}],"curies":[{"name":"wp","href":"https:\/\/api.w.org\/{rel}","templated":true}]}}