{"id":14691,"date":"2025-03-18T13:45:05","date_gmt":"2025-03-18T19:45:05","guid":{"rendered":"https:\/\/viajamagazine.com\/?p=14691"},"modified":"2025-03-18T19:45:06","modified_gmt":"2025-03-18T19:45:06","slug":"vicecanciller-de-iran-califica-de-francas-y-constructivas-las-conversaciones-con-el-jefe-del-oiea","status":"publish","type":"post","link":"https:\/\/viajamagazine.com\/?p=14691","title":{"rendered":"Vicecanciller de Ir\u00e1n califica de \u00abfrancas y constructivas\u00bb las conversaciones con el jefe del OIEA"},"content":{"rendered":"<p>TEHER\u00c1N, 18 mar (Xinhua) &#8212; El viceministro de Asuntos Exteriores de Ir\u00e1n Kazem Gharibabadi afirm\u00f3 el lunes que sus conversaciones con Rafael Grossi, director general del Organismo Internacional de Energ\u00eda At\u00f3mica (OIEA), realizadas m\u00e1s temprano ese d\u00eda, fueron \u00abfrancas y constructivas\u00bb. Gharibabadi hizo estas declaraciones en una publicaci\u00f3n en la red social X al comentar sobre su reuni\u00f3n con Grossi en Viena, la capital de Austria. Seg\u00fan Gharibabadi, durante la reuni\u00f3n intercambiaron puntos de vista sobre la cooperaci\u00f3n entre Ir\u00e1n y el OIEA, la resoluci\u00f3n de dos cuestiones pendientes, la seguridad de las instalaciones nucleares, los \u00faltimos acontecimientos en torno a la cuesti\u00f3n nuclear de Ir\u00e1n y el levantamiento de las sanciones. A\u00f1adi\u00f3 que Ir\u00e1n y el OIEA tienen una \u00ablarga\u00bb historia de cooperaci\u00f3n, que permite la resoluci\u00f3n de las diferencias pendientes \u00absiempre que se eliminen las presiones pol\u00edticas externas sobre el organismo y el OIEA adopte un enfoque independiente, t\u00e9cnico, imparcial y profesional\u00bb. Gharibabadi enfatiz\u00f3 que, mientras protege su seguridad e intereses nacionales, \u00abIr\u00e1n sigue comprometido a cooperar con el OIEA dentro del marco de sus obligaciones en materia de salvaguardias\u00bb. Ir\u00e1n firm\u00f3 un acuerdo nuclear, formalmente conocido como el Plan de Acci\u00f3n Integral Conjunto (JCPOA, por sus siglas en ingl\u00e9s), con las potencias mundiales en julio de 2015, aceptando restricciones a su programa nuclear a cambio del levantamiento de sanciones. Sin embargo, Estados Unidos se retir\u00f3 del acuerdo en mayo de 2018 y restableci\u00f3 las sanciones, lo que llev\u00f3 a Ir\u00e1n a reducir algunos de sus compromisos nucleares. Los esfuerzos para revivir el JCPOA comenzaron en abril de 2021 en Viena. A pesar de m\u00faltiples rondas de negociaciones, no se ha reportado ning\u00fan avance sustancial desde las conversaciones de agosto de 2022. Fin<\/p>\n","protected":false},"excerpt":{"rendered":"<p>TEHER\u00c1N, 18 mar (Xinhua) &#8212; El viceministro de Asuntos Exteriores de Ir\u00e1n Kazem Gharibabadi afirm\u00f3&#8230;<\/p>\n","protected":false},"author":1,"featured_media":0,"comment_status":"open","ping_status":"closed","sticky":false,"template":"","format":"standard","meta":{"footnotes":""},"categories":[2],"tags":[],"class_list":["post-14691","post","type-post","status-publish","format-standard","hentry","category-internacional"],"_links":{"self":[{"href":"https:\/\/viajamagazine.com\/index.php?rest_route=\/wp\/v2\/posts\/14691","targetHints":{"allow":["GET"]}}],"collection":[{"href":"https:\/\/viajamagazine.com\/index.php?rest_route=\/wp\/v2\/posts"}],"about":[{"href":"https:\/\/viajamagazine.com\/index.php?rest_route=\/wp\/v2\/types\/post"}],"author":[{"embeddable":true,"href":"https:\/\/viajamagazine.com\/index.php?rest_route=\/wp\/v2\/users\/1"}],"replies":[{"embeddable":true,"href":"https:\/\/viajamagazine.com\/index.php?rest_route=%2Fwp%2Fv2%2Fcomments&post=14691"}],"version-history":[{"count":1,"href":"https:\/\/viajamagazine.com\/index.php?rest_route=\/wp\/v2\/posts\/14691\/revisions"}],"predecessor-version":[{"id":14692,"href":"https:\/\/viajamagazine.com\/index.php?rest_route=\/wp\/v2\/posts\/14691\/revisions\/14692"}],"wp:attachment":[{"href":"https:\/\/viajamagazine.com\/index.php?rest_route=%2Fwp%2Fv2%2Fmedia&parent=14691"}],"wp:term":[{"taxonomy":"category","embeddable":true,"href":"https:\/\/viajamagazine.com\/index.php?rest_route=%2Fwp%2Fv2%2Fcategories&post=14691"},{"taxonomy":"post_tag","embeddable":true,"href":"https:\/\/viajamagazine.com\/index.php?rest_route=%2Fwp%2Fv2%2Ftags&post=14691"}],"curies":[{"name":"wp","href":"https:\/\/api.w.org\/{rel}","templated":true}]}}