{"id":14687,"date":"2025-03-18T13:44:31","date_gmt":"2025-03-18T19:44:31","guid":{"rendered":"https:\/\/viajamagazine.com\/?p=14687"},"modified":"2025-03-18T19:44:32","modified_gmt":"2025-03-18T19:44:32","slug":"avance-israel-lanza-intensos-ataques-aereos-contra-gaza-por-primera-vez-desde-el-alto-el-fuego","status":"publish","type":"post","link":"https:\/\/viajamagazine.com\/?p=14687","title":{"rendered":"Avance: Israel lanza intensos ataques a\u00e9reos contra Gaza por primera vez desde el alto el fuego"},"content":{"rendered":"<p>GAZA\/JERUSAL\u00c9N, 18 mar (Xinhua) &#8212; El Ej\u00e9rcito israel\u00ed llev\u00f3 a cabo hoy martes intensos ataques a\u00e9reos sobre el norte y el centro de la Franja de Gaza, marcando la escalada m\u00e1s violenta desde el alto el fuego, seg\u00fan fuentes locales y testigos presenciales. Fuentes palestinas dijeron a Xinhua que aviones de guerra israel\u00edes lanzaron incursiones de una escala sin precedentes, provocando explosiones sucesivas en varias zonas del norte y el centro de Gaza. En un primer comunicado, la Defensa Civil Palestina afirm\u00f3 que los aviones israel\u00edes atacaron viviendas, mezquitas, escuelas y refugios, lo que caus\u00f3 numerosas v\u00edctimas. El primer ministro israel\u00ed, Benjamin Netanyahu, anunci\u00f3 a primera hora del martes que hab\u00eda ordenado al Ej\u00e9rcito \u00abactuar con contundencia contra Ham\u00e1s en la Franja de Gaza\u00bb. Fin<\/p>\n","protected":false},"excerpt":{"rendered":"<p>GAZA\/JERUSAL\u00c9N, 18 mar (Xinhua) &#8212; El Ej\u00e9rcito israel\u00ed llev\u00f3 a cabo hoy martes intensos ataques&#8230;<\/p>\n","protected":false},"author":1,"featured_media":0,"comment_status":"open","ping_status":"closed","sticky":false,"template":"","format":"standard","meta":{"footnotes":""},"categories":[2],"tags":[],"class_list":["post-14687","post","type-post","status-publish","format-standard","hentry","category-internacional"],"_links":{"self":[{"href":"https:\/\/viajamagazine.com\/index.php?rest_route=\/wp\/v2\/posts\/14687","targetHints":{"allow":["GET"]}}],"collection":[{"href":"https:\/\/viajamagazine.com\/index.php?rest_route=\/wp\/v2\/posts"}],"about":[{"href":"https:\/\/viajamagazine.com\/index.php?rest_route=\/wp\/v2\/types\/post"}],"author":[{"embeddable":true,"href":"https:\/\/viajamagazine.com\/index.php?rest_route=\/wp\/v2\/users\/1"}],"replies":[{"embeddable":true,"href":"https:\/\/viajamagazine.com\/index.php?rest_route=%2Fwp%2Fv2%2Fcomments&post=14687"}],"version-history":[{"count":1,"href":"https:\/\/viajamagazine.com\/index.php?rest_route=\/wp\/v2\/posts\/14687\/revisions"}],"predecessor-version":[{"id":14688,"href":"https:\/\/viajamagazine.com\/index.php?rest_route=\/wp\/v2\/posts\/14687\/revisions\/14688"}],"wp:attachment":[{"href":"https:\/\/viajamagazine.com\/index.php?rest_route=%2Fwp%2Fv2%2Fmedia&parent=14687"}],"wp:term":[{"taxonomy":"category","embeddable":true,"href":"https:\/\/viajamagazine.com\/index.php?rest_route=%2Fwp%2Fv2%2Fcategories&post=14687"},{"taxonomy":"post_tag","embeddable":true,"href":"https:\/\/viajamagazine.com\/index.php?rest_route=%2Fwp%2Fv2%2Ftags&post=14687"}],"curies":[{"name":"wp","href":"https:\/\/api.w.org\/{rel}","templated":true}]}}