{"id":14681,"date":"2025-03-18T13:43:18","date_gmt":"2025-03-18T19:43:18","guid":{"rendered":"https:\/\/viajamagazine.com\/?p=14681"},"modified":"2025-03-18T19:43:19","modified_gmt":"2025-03-18T19:43:19","slug":"brasil-es-el-segundo-mayor-fabricante-de-aire-acondicionado-del-mundo-detras-de-china","status":"publish","type":"post","link":"https:\/\/viajamagazine.com\/?p=14681","title":{"rendered":"Brasil es el segundo mayor fabricante de aire acondicionado del mundo detr\u00e1s de China"},"content":{"rendered":"<p>SAO PAULO, 17 mar (Xinhua) &#8212; Brasil se convirti\u00f3 en 2024 en el segundo mayor fabricante mundial de equipamientos de aire acondicionado, detr\u00e1s de China, anunci\u00f3 este lunes el vicepresidente brasile\u00f1o, Geraldo Alckmin, quien tambi\u00e9n es ministro de Desarrollo, Industria, y Comercio Exterior. Alckmin hizo el anuncio a periodistas luego de presentar al presidente Luiz In\u00e1cio Lula da Silva los resultados del sector de l\u00ednea blanca y electr\u00f3nicos del a\u00f1o pasado. El vicepresidente dijo que Brasil fabric\u00f3 5,8 millones de equipamientos de aire acondicionado en 2024, un aumento del 38 por ciento en comparaci\u00f3n con 2023. En general, la industria brasile\u00f1a de electrodom\u00e9sticos y electr\u00f3nicos vendi\u00f3 117,7 millones de productos el a\u00f1o pasado, un aumento del 29 por ciento en comparaci\u00f3n con las ventas de 2023, el mejor resultado en los \u00faltimos diez a\u00f1os, seg\u00fan el balance de la Asociaci\u00f3n Nacional de Fabricantes de Productos Electr\u00f3nicos (Eletros). \u00abLas buenas noticias no salen del horno. Viene del refrigerador, del televisor, de la freidora de aire, del ventilador\u00bb, brome\u00f3 el vicepresidente al lado del titular de Eletros, Jorge Nascimento. Para Alckmin, el balance positivo del sector electroelectr\u00f3nico es resultado del crecimiento del 3,4% de la econom\u00eda en 2024, del aumento real de los salarios y de las pol\u00edticas de est\u00edmulo a la industria brasile\u00f1a. \u00abEsto refleja, por un lado, la mejora de los ingresos de la poblaci\u00f3n; el empleo creci\u00f3, la masa salarial creci\u00f3; y pol\u00edtica industrial. Es un sector que puede crecer m\u00e1s\u00bb, dijo el vicepresidente de la mayor econom\u00eda latinoamericana. Seg\u00fan la entidad Eletros, hasta 2027 se esperan inversiones de unos 800 millones de d\u00f3lares para nuevos negocios en el sector de electrodom\u00e9sticos y electr\u00f3nica y la expansi\u00f3n de industrias existentes. Fin<\/p>\n","protected":false},"excerpt":{"rendered":"<p>SAO PAULO, 17 mar (Xinhua) &#8212; Brasil se convirti\u00f3 en 2024 en el segundo mayor&#8230;<\/p>\n","protected":false},"author":1,"featured_media":0,"comment_status":"open","ping_status":"closed","sticky":false,"template":"","format":"standard","meta":{"footnotes":""},"categories":[2],"tags":[],"class_list":["post-14681","post","type-post","status-publish","format-standard","hentry","category-internacional"],"_links":{"self":[{"href":"https:\/\/viajamagazine.com\/index.php?rest_route=\/wp\/v2\/posts\/14681","targetHints":{"allow":["GET"]}}],"collection":[{"href":"https:\/\/viajamagazine.com\/index.php?rest_route=\/wp\/v2\/posts"}],"about":[{"href":"https:\/\/viajamagazine.com\/index.php?rest_route=\/wp\/v2\/types\/post"}],"author":[{"embeddable":true,"href":"https:\/\/viajamagazine.com\/index.php?rest_route=\/wp\/v2\/users\/1"}],"replies":[{"embeddable":true,"href":"https:\/\/viajamagazine.com\/index.php?rest_route=%2Fwp%2Fv2%2Fcomments&post=14681"}],"version-history":[{"count":1,"href":"https:\/\/viajamagazine.com\/index.php?rest_route=\/wp\/v2\/posts\/14681\/revisions"}],"predecessor-version":[{"id":14682,"href":"https:\/\/viajamagazine.com\/index.php?rest_route=\/wp\/v2\/posts\/14681\/revisions\/14682"}],"wp:attachment":[{"href":"https:\/\/viajamagazine.com\/index.php?rest_route=%2Fwp%2Fv2%2Fmedia&parent=14681"}],"wp:term":[{"taxonomy":"category","embeddable":true,"href":"https:\/\/viajamagazine.com\/index.php?rest_route=%2Fwp%2Fv2%2Fcategories&post=14681"},{"taxonomy":"post_tag","embeddable":true,"href":"https:\/\/viajamagazine.com\/index.php?rest_route=%2Fwp%2Fv2%2Ftags&post=14681"}],"curies":[{"name":"wp","href":"https:\/\/api.w.org\/{rel}","templated":true}]}}