{"id":14671,"date":"2025-03-18T13:41:56","date_gmt":"2025-03-18T19:41:56","guid":{"rendered":"https:\/\/viajamagazine.com\/?p=14671"},"modified":"2025-03-18T19:41:57","modified_gmt":"2025-03-18T19:41:57","slug":"brasil-avanza-en-negociaciones-con-estados-unidos-sobre-tarifas-de-acero","status":"publish","type":"post","link":"https:\/\/viajamagazine.com\/?p=14671","title":{"rendered":"Brasil avanza en negociaciones con Estados Unidos sobre tarifas de acero"},"content":{"rendered":"<p>R\u00cdO DE JANEIRO, 17 mar (Xinhua) &#8212; El vicepresidente y ministro de Desarrollo, Industria, Comercio y Servicios de Brasil, Geraldo Alckmin, afirm\u00f3 hoy que el camino en la negociaci\u00f3n con Estados Unidos sobre las tarifas al acero ser\u00e1 el de la \u00abcomplementariedad econ\u00f3mica\u00bb y dijo que se llevar\u00e1n a cabo nuevas reuniones t\u00e9cnicas entre ambos pa\u00edses para abordar el tema. \u00abBrasil no es un problema para Estados Unidos. Ellos tienen super\u00e1vit con Brasil, tanto en bienes como, principalmente, en servicios. Por otro lado, de los diez productos que m\u00e1s exportan a Brasil, ocho tienen arancel cero\u00bb, declar\u00f3 Alckmin a periodistas este lunes. El vicepresidente mencion\u00f3 las conversaciones recientes entre autoridades brasile\u00f1as y estadounidenses. \u00abOptamos por hacer esto a trav\u00e9s de la Atec, que es un tipo de asociaci\u00f3n para cuestiones econ\u00f3micas\u00bb, explic\u00f3. El pasado viernes, t\u00e9cnicos de los Ministerios de Relaciones Exteriores (MRE) y de Desarrollo, Industria, Comercio y Servicios (MDIC) iniciaron el proceso de negociaci\u00f3n con Estados Unidos para tratar de mitigar los aranceles impuestos por el presidente Donald Trump, los cuales afectan a los productores sider\u00fargicos brasile\u00f1os. La reuni\u00f3n se llev\u00f3 a cabo por videoconferencia con representantes de la Oficina del Representante Comercial de Estados Unidos (USTR). Fue el primer encuentro desde que entr\u00f3 en vigor la tarifa del 25 por ciento sobre las importaciones de acero y aluminio en Estados Unidos, el pasado mi\u00e9rcoles 12. \u00abTuvimos una primera reuni\u00f3n el viernes con los \u00f3rganos t\u00e9cnicos y habr\u00e1 otras reuniones en adelante. El camino es el del di\u00e1logo y de generar beneficios mutuos a trav\u00e9s de la complementariedad econ\u00f3mica\u00bb, agreg\u00f3 Alckmin. El vicepresidente tambi\u00e9n destac\u00f3 el desempe\u00f1o de la econom\u00eda brasile\u00f1a y subray\u00f3 que \u00abuna empresa que quiera ser global tiene que estar en Brasil\u00bb. Fin.<\/p>\n","protected":false},"excerpt":{"rendered":"<p>R\u00cdO DE JANEIRO, 17 mar (Xinhua) &#8212; El vicepresidente y ministro de Desarrollo, Industria, Comercio&#8230;<\/p>\n","protected":false},"author":1,"featured_media":0,"comment_status":"open","ping_status":"closed","sticky":false,"template":"","format":"standard","meta":{"footnotes":""},"categories":[2],"tags":[],"class_list":["post-14671","post","type-post","status-publish","format-standard","hentry","category-internacional"],"_links":{"self":[{"href":"https:\/\/viajamagazine.com\/index.php?rest_route=\/wp\/v2\/posts\/14671","targetHints":{"allow":["GET"]}}],"collection":[{"href":"https:\/\/viajamagazine.com\/index.php?rest_route=\/wp\/v2\/posts"}],"about":[{"href":"https:\/\/viajamagazine.com\/index.php?rest_route=\/wp\/v2\/types\/post"}],"author":[{"embeddable":true,"href":"https:\/\/viajamagazine.com\/index.php?rest_route=\/wp\/v2\/users\/1"}],"replies":[{"embeddable":true,"href":"https:\/\/viajamagazine.com\/index.php?rest_route=%2Fwp%2Fv2%2Fcomments&post=14671"}],"version-history":[{"count":1,"href":"https:\/\/viajamagazine.com\/index.php?rest_route=\/wp\/v2\/posts\/14671\/revisions"}],"predecessor-version":[{"id":14672,"href":"https:\/\/viajamagazine.com\/index.php?rest_route=\/wp\/v2\/posts\/14671\/revisions\/14672"}],"wp:attachment":[{"href":"https:\/\/viajamagazine.com\/index.php?rest_route=%2Fwp%2Fv2%2Fmedia&parent=14671"}],"wp:term":[{"taxonomy":"category","embeddable":true,"href":"https:\/\/viajamagazine.com\/index.php?rest_route=%2Fwp%2Fv2%2Fcategories&post=14671"},{"taxonomy":"post_tag","embeddable":true,"href":"https:\/\/viajamagazine.com\/index.php?rest_route=%2Fwp%2Fv2%2Ftags&post=14671"}],"curies":[{"name":"wp","href":"https:\/\/api.w.org\/{rel}","templated":true}]}}