{"id":14611,"date":"2025-03-18T10:26:04","date_gmt":"2025-03-18T16:26:04","guid":{"rendered":"https:\/\/viajamagazine.com\/?p=14611"},"modified":"2025-03-18T16:26:05","modified_gmt":"2025-03-18T16:26:05","slug":"urgente-m23-cancela-participacion-en-conversaciones-directas-con-gobierno-de-republica-democratica-del-congo","status":"publish","type":"post","link":"https:\/\/viajamagazine.com\/?p=14611","title":{"rendered":"Urgente: M23 cancela participaci\u00f3n en conversaciones directas con Gobierno de Rep\u00fablica Democr\u00e1tica del Congo"},"content":{"rendered":"<div class=\"el-scrollbar__wrap\">\n<div class=\"el-scrollbar__view\">\n<div class=\"news-content\" data-v-1eda797c=\"\">KINSHASA, 17 mar (Xinhua) &#8212; Las conversaciones con el Gobierno de Rep\u00fablica Democr\u00e1tica del Congo, programada para el martes en Luanda, la capital de Angola, \u00abse han vuelto inviables\u00bb, indic\u00f3 hoy en una declaraci\u00f3n el grupo rebelde Movimiento 23 de Marzo (M23). Fin<\/div>\n<\/div>\n<\/div>\n<div class=\"el-scrollbar__bar is-horizontal\"><\/div>\n","protected":false},"excerpt":{"rendered":"<p>KINSHASA, 17 mar (Xinhua) &#8212; Las conversaciones con el Gobierno de Rep\u00fablica Democr\u00e1tica del Congo,&#8230;<\/p>\n","protected":false},"author":1,"featured_media":0,"comment_status":"open","ping_status":"closed","sticky":false,"template":"","format":"standard","meta":{"footnotes":""},"categories":[2],"tags":[],"class_list":["post-14611","post","type-post","status-publish","format-standard","hentry","category-internacional"],"_links":{"self":[{"href":"https:\/\/viajamagazine.com\/index.php?rest_route=\/wp\/v2\/posts\/14611","targetHints":{"allow":["GET"]}}],"collection":[{"href":"https:\/\/viajamagazine.com\/index.php?rest_route=\/wp\/v2\/posts"}],"about":[{"href":"https:\/\/viajamagazine.com\/index.php?rest_route=\/wp\/v2\/types\/post"}],"author":[{"embeddable":true,"href":"https:\/\/viajamagazine.com\/index.php?rest_route=\/wp\/v2\/users\/1"}],"replies":[{"embeddable":true,"href":"https:\/\/viajamagazine.com\/index.php?rest_route=%2Fwp%2Fv2%2Fcomments&post=14611"}],"version-history":[{"count":1,"href":"https:\/\/viajamagazine.com\/index.php?rest_route=\/wp\/v2\/posts\/14611\/revisions"}],"predecessor-version":[{"id":14612,"href":"https:\/\/viajamagazine.com\/index.php?rest_route=\/wp\/v2\/posts\/14611\/revisions\/14612"}],"wp:attachment":[{"href":"https:\/\/viajamagazine.com\/index.php?rest_route=%2Fwp%2Fv2%2Fmedia&parent=14611"}],"wp:term":[{"taxonomy":"category","embeddable":true,"href":"https:\/\/viajamagazine.com\/index.php?rest_route=%2Fwp%2Fv2%2Fcategories&post=14611"},{"taxonomy":"post_tag","embeddable":true,"href":"https:\/\/viajamagazine.com\/index.php?rest_route=%2Fwp%2Fv2%2Ftags&post=14611"}],"curies":[{"name":"wp","href":"https:\/\/api.w.org\/{rel}","templated":true}]}}