{"id":14190,"date":"2025-03-17T20:10:21","date_gmt":"2025-03-18T02:10:21","guid":{"rendered":"https:\/\/viajamagazine.com\/?p=14190"},"modified":"2025-03-18T02:10:23","modified_gmt":"2025-03-18T02:10:23","slug":"gobierno-de-venezuela-rechaza-ley-estadounidense-anacronica-contra-sus-migrantes","status":"publish","type":"post","link":"https:\/\/viajamagazine.com\/?p=14190","title":{"rendered":"Gobierno de Venezuela rechaza ley estadounidense anacr\u00f3nica contra sus migrantes"},"content":{"rendered":"<div class=\"el-scrollbar__wrap\">\n<div class=\"el-scrollbar__view\">\n<div class=\"news-content\" data-v-1eda797c=\"\">CARACAS, 16 mar (Xinhua) &#8212; El Gobierno de Venezuela expres\u00f3 hoy domingo su categ\u00f3rico rechazo a la \u00abproclama\u00bb estadounidense que determinar\u00eda la prohibici\u00f3n total para el ingreso de migrantes venezolanos a territorio de Estados Unidos con base en una ley de 1798, a la que calific\u00f3 de \u00abanacr\u00f3nica\u00bb y vulnerar \u00abel ordenamiento jur\u00eddico internacional\u00bb. El Ministerio del Poder Popular para Relaciones Exteriores de Venezuela difundi\u00f3 en un comunicado que la decisi\u00f3n del Gobierno de Estados Unidos \u00abcriminaliza de forma infame e injusta a la migraci\u00f3n venezolana, en un acto que evoca los momentos m\u00e1s oscuros de la historia de la humanidad\u00bb. Se\u00f1al\u00f3 que el ordenamiento del presidente estadounidense, Donald Trump, que invoca la Ley de Enemigos Extranjeros de 1798, viola el ordenamiento jur\u00eddico internacional. El comunicado agreg\u00f3 que los migrantes venezolanos, en su inmensa mayor\u00eda \u00abmujeres y hombres trabajadores dignos y honestos\u00bb, no son \u00abterroristas\u00bb ni tampoco \u00abcriminales\u00bb, ni \u00abenemigos extranjeros\u00bb. Argument\u00f3 que la causa fundamental del flujo migratorio venezolano es el \u00abbloqueo criminal\u00bb a la econom\u00eda venezolana. Denunci\u00f3, adem\u00e1s, de \u00abforma en\u00e9rgica\u00bb que los migrantes venezolanos asentados en Estados Unidos \u00abest\u00e1n siendo sometidos a persecuci\u00f3n en sus lugares de trabajo, colegios, iglesias, hospitales y espacios p\u00fablicos\u00bb. En este contexto, el Gobierno de Venezuela solicit\u00f3 a la Comunidad de Estados Latinoamericanos y Caribe\u00f1os (CELAC) pronunciarse \u00aben defensa de los derechos de nuestros pueblos\u00bb y que \u00abdenuncie esta acci\u00f3n aberrante ante el mundo\u00bb. El presidente Trump invoc\u00f3 el s\u00e1bado la Ley de Enemigos Extranjeros de 1798 para promover las deportaciones masivas de presuntos delincuentes que se encuentren en territorio estadounidense. Fin<\/div>\n<\/div>\n<\/div>\n<div class=\"el-scrollbar__bar is-horizontal\"><\/div>\n","protected":false},"excerpt":{"rendered":"<p>CARACAS, 16 mar (Xinhua) &#8212; El Gobierno de Venezuela expres\u00f3 hoy domingo su categ\u00f3rico rechazo&#8230;<\/p>\n","protected":false},"author":1,"featured_media":0,"comment_status":"open","ping_status":"closed","sticky":false,"template":"","format":"standard","meta":{"footnotes":""},"categories":[2],"tags":[],"class_list":["post-14190","post","type-post","status-publish","format-standard","hentry","category-internacional"],"_links":{"self":[{"href":"https:\/\/viajamagazine.com\/index.php?rest_route=\/wp\/v2\/posts\/14190","targetHints":{"allow":["GET"]}}],"collection":[{"href":"https:\/\/viajamagazine.com\/index.php?rest_route=\/wp\/v2\/posts"}],"about":[{"href":"https:\/\/viajamagazine.com\/index.php?rest_route=\/wp\/v2\/types\/post"}],"author":[{"embeddable":true,"href":"https:\/\/viajamagazine.com\/index.php?rest_route=\/wp\/v2\/users\/1"}],"replies":[{"embeddable":true,"href":"https:\/\/viajamagazine.com\/index.php?rest_route=%2Fwp%2Fv2%2Fcomments&post=14190"}],"version-history":[{"count":1,"href":"https:\/\/viajamagazine.com\/index.php?rest_route=\/wp\/v2\/posts\/14190\/revisions"}],"predecessor-version":[{"id":14191,"href":"https:\/\/viajamagazine.com\/index.php?rest_route=\/wp\/v2\/posts\/14190\/revisions\/14191"}],"wp:attachment":[{"href":"https:\/\/viajamagazine.com\/index.php?rest_route=%2Fwp%2Fv2%2Fmedia&parent=14190"}],"wp:term":[{"taxonomy":"category","embeddable":true,"href":"https:\/\/viajamagazine.com\/index.php?rest_route=%2Fwp%2Fv2%2Fcategories&post=14190"},{"taxonomy":"post_tag","embeddable":true,"href":"https:\/\/viajamagazine.com\/index.php?rest_route=%2Fwp%2Fv2%2Ftags&post=14190"}],"curies":[{"name":"wp","href":"https:\/\/api.w.org\/{rel}","templated":true}]}}