{"id":14180,"date":"2025-03-17T20:08:11","date_gmt":"2025-03-18T02:08:11","guid":{"rendered":"https:\/\/viajamagazine.com\/?p=14180"},"modified":"2025-03-18T02:08:12","modified_gmt":"2025-03-18T02:08:12","slug":"se-restablece-sistema-electrico-en-panama-tras-apagon-por-explosion-de-transformador","status":"publish","type":"post","link":"https:\/\/viajamagazine.com\/?p=14180","title":{"rendered":"Se restablece sistema el\u00e9ctrico en Panam\u00e1 tras apag\u00f3n por explosi\u00f3n de transformador"},"content":{"rendered":"<div class=\"el-scrollbar__wrap\">\n<div class=\"el-scrollbar__view\">\n<div class=\"news-content\" data-v-1eda797c=\"\">PANAM\u00c1, 16 mar (Xinhua) &#8212; El sistema el\u00e9ctrico se ha restablecido en Panam\u00e1 tras el apag\u00f3n registrado a nivel nacional por la explosi\u00f3n de un transformador en una planta generadora en el oeste del pa\u00eds de Am\u00e9rica Central, sin el reporte de personas heridas, inform\u00f3 hoy domingo la Autoridad Nacional de Servicios P\u00fablicos (Asep). La entidad detall\u00f3 que la explosi\u00f3n del transformador se produjo poco antes de la media noche del s\u00e1bado en la termoel\u00e9ctrica de Pan-Am, en el distrito de La Chorrera, en la regi\u00f3n occidental de Panam\u00e1. La administradora general de la Asep, Zelmar Rodr\u00edguez Crespo, detall\u00f3 que ya se encuentra en la termoel\u00e9ctrica para analizar lo ocurrido y adelant\u00f3 que a partir de ma\u00f1ana lunes iniciar\u00e1n las investigaciones pertinentes. Fin<\/div>\n<\/div>\n<\/div>\n<div class=\"el-scrollbar__bar is-horizontal\"><\/div>\n","protected":false},"excerpt":{"rendered":"<p>PANAM\u00c1, 16 mar (Xinhua) &#8212; El sistema el\u00e9ctrico se ha restablecido en Panam\u00e1 tras el&#8230;<\/p>\n","protected":false},"author":1,"featured_media":0,"comment_status":"open","ping_status":"closed","sticky":false,"template":"","format":"standard","meta":{"footnotes":""},"categories":[2],"tags":[],"class_list":["post-14180","post","type-post","status-publish","format-standard","hentry","category-internacional"],"_links":{"self":[{"href":"https:\/\/viajamagazine.com\/index.php?rest_route=\/wp\/v2\/posts\/14180","targetHints":{"allow":["GET"]}}],"collection":[{"href":"https:\/\/viajamagazine.com\/index.php?rest_route=\/wp\/v2\/posts"}],"about":[{"href":"https:\/\/viajamagazine.com\/index.php?rest_route=\/wp\/v2\/types\/post"}],"author":[{"embeddable":true,"href":"https:\/\/viajamagazine.com\/index.php?rest_route=\/wp\/v2\/users\/1"}],"replies":[{"embeddable":true,"href":"https:\/\/viajamagazine.com\/index.php?rest_route=%2Fwp%2Fv2%2Fcomments&post=14180"}],"version-history":[{"count":1,"href":"https:\/\/viajamagazine.com\/index.php?rest_route=\/wp\/v2\/posts\/14180\/revisions"}],"predecessor-version":[{"id":14181,"href":"https:\/\/viajamagazine.com\/index.php?rest_route=\/wp\/v2\/posts\/14180\/revisions\/14181"}],"wp:attachment":[{"href":"https:\/\/viajamagazine.com\/index.php?rest_route=%2Fwp%2Fv2%2Fmedia&parent=14180"}],"wp:term":[{"taxonomy":"category","embeddable":true,"href":"https:\/\/viajamagazine.com\/index.php?rest_route=%2Fwp%2Fv2%2Fcategories&post=14180"},{"taxonomy":"post_tag","embeddable":true,"href":"https:\/\/viajamagazine.com\/index.php?rest_route=%2Fwp%2Fv2%2Ftags&post=14180"}],"curies":[{"name":"wp","href":"https:\/\/api.w.org\/{rel}","templated":true}]}}