{"id":14146,"date":"2025-03-17T20:01:22","date_gmt":"2025-03-18T02:01:22","guid":{"rendered":"https:\/\/viajamagazine.com\/?p=14146"},"modified":"2025-03-18T02:01:23","modified_gmt":"2025-03-18T02:01:23","slug":"zelensky-rechaza-concesiones-territoriales-a-rusia-como-condicion-de-tregua","status":"publish","type":"post","link":"https:\/\/viajamagazine.com\/?p=14146","title":{"rendered":"Zelensky rechaza concesiones territoriales a Rusia como condici\u00f3n de tregua"},"content":{"rendered":"<div class=\"el-scrollbar__wrap\">\n<div class=\"el-scrollbar__view\">\n<div class=\"news-content\" data-v-1eda797c=\"\">KIEV, 16 mar (Xinhua) &#8212; El presidente de Ucrania, Volodymyr Zelensky, descart\u00f3 el s\u00e1bado cualquier concesi\u00f3n territorial a Rusia como paso posible hacia un alto el fuego, inform\u00f3 la agencia de noticias UNIAN. \u00abNuestra posici\u00f3n es que no reconocemos los territorios ucranianos ocupados como rusos bajo ninguna circunstancia\u00bb, asegur\u00f3 el mandatario a los periodistas. Sin embargo, confirm\u00f3 que durante la reuni\u00f3n del 11 de marzo en Yeda, Arabia Saud\u00ed, las delegaciones de Ucrania y Estados Unidos discutieron sobre posibles concesiones territoriales. Zelensky se\u00f1al\u00f3 que Washington tuvo en cuenta la postura de Kiev al respecto. A su parecer, las cuestiones territoriales son \u00abcomplejas\u00bb y se deben abordar posteriormente en la mesa de negociaciones. Fin<\/div>\n<\/div>\n<\/div>\n<div class=\"el-scrollbar__bar is-horizontal\"><\/div>\n","protected":false},"excerpt":{"rendered":"<p>KIEV, 16 mar (Xinhua) &#8212; El presidente de Ucrania, Volodymyr Zelensky, descart\u00f3 el s\u00e1bado cualquier&#8230;<\/p>\n","protected":false},"author":1,"featured_media":14148,"comment_status":"open","ping_status":"closed","sticky":false,"template":"","format":"standard","meta":{"footnotes":""},"categories":[2],"tags":[],"class_list":["post-14146","post","type-post","status-publish","format-standard","has-post-thumbnail","hentry","category-internacional"],"_links":{"self":[{"href":"https:\/\/viajamagazine.com\/index.php?rest_route=\/wp\/v2\/posts\/14146","targetHints":{"allow":["GET"]}}],"collection":[{"href":"https:\/\/viajamagazine.com\/index.php?rest_route=\/wp\/v2\/posts"}],"about":[{"href":"https:\/\/viajamagazine.com\/index.php?rest_route=\/wp\/v2\/types\/post"}],"author":[{"embeddable":true,"href":"https:\/\/viajamagazine.com\/index.php?rest_route=\/wp\/v2\/users\/1"}],"replies":[{"embeddable":true,"href":"https:\/\/viajamagazine.com\/index.php?rest_route=%2Fwp%2Fv2%2Fcomments&post=14146"}],"version-history":[{"count":1,"href":"https:\/\/viajamagazine.com\/index.php?rest_route=\/wp\/v2\/posts\/14146\/revisions"}],"predecessor-version":[{"id":14147,"href":"https:\/\/viajamagazine.com\/index.php?rest_route=\/wp\/v2\/posts\/14146\/revisions\/14147"}],"wp:featuredmedia":[{"embeddable":true,"href":"https:\/\/viajamagazine.com\/index.php?rest_route=\/wp\/v2\/media\/14148"}],"wp:attachment":[{"href":"https:\/\/viajamagazine.com\/index.php?rest_route=%2Fwp%2Fv2%2Fmedia&parent=14146"}],"wp:term":[{"taxonomy":"category","embeddable":true,"href":"https:\/\/viajamagazine.com\/index.php?rest_route=%2Fwp%2Fv2%2Fcategories&post=14146"},{"taxonomy":"post_tag","embeddable":true,"href":"https:\/\/viajamagazine.com\/index.php?rest_route=%2Fwp%2Fv2%2Ftags&post=14146"}],"curies":[{"name":"wp","href":"https:\/\/api.w.org\/{rel}","templated":true}]}}