{"id":12909,"date":"2025-03-14T12:14:53","date_gmt":"2025-03-14T18:14:53","guid":{"rendered":"https:\/\/viajamagazine.com\/?p=12909"},"modified":"2025-03-14T18:14:54","modified_gmt":"2025-03-14T18:14:54","slug":"concluyen-negociaciones-de-acuerdo-de-paz-con-armenia-dice-azerbaiyan","status":"publish","type":"post","link":"https:\/\/viajamagazine.com\/?p=12909","title":{"rendered":"Concluyen negociaciones de acuerdo de paz con Armenia, dice Azerbaiy\u00e1n"},"content":{"rendered":"<p>BAK\u00da, 13 mar (Xinhua) &#8212; El Ministerio de Relaciones Exteriores de Azerbaiy\u00e1n anunci\u00f3 hoy que han concluido las negociaciones sobre el texto del borrador de Acuerdo sobre la Paz y el Establecimiento de Relaciones Interestatales con Armenia. En una declaraci\u00f3n, el ministerio destac\u00f3 con satisfacci\u00f3n que el proceso de negociaci\u00f3n hab\u00eda llegado a su fin, pero reiter\u00f3 que las enmiendas constitucionales de Armenia para eliminar reivindicaciones territoriales contra Azerbaiy\u00e1n son un requisito para la firma del acuerdo. En una rueda de prensa, el ministro de Relaciones Exteriores, Jeyhun Bayramov, confirm\u00f3 el fin del proceso de negociaci\u00f3n. \u00abRecientemente, la parte armenia acept\u00f3 las propuestas de Azerbaiy\u00e1n sobre estos asuntos sin resolver y nos los transmiti\u00f3 a trav\u00e9s de canales de comunicaci\u00f3n. Por ende, podemos se\u00f1alar que el trabajo sobre el texto ha sido completado\u00bb. La declaraci\u00f3n del Ministerio de Relaciones Exteriores tambi\u00e9n enfatiz\u00f3 la importancia de abolir de manera formal el Grupo de Minsk de la Organizaci\u00f3n para la Seguridad y la Cooperaci\u00f3n en Europa (OSCE) y lo describi\u00f3 como una estructura obsoleta. \u00abEstamos listos para continuar con el di\u00e1logo bilateral sobre estos y otros asuntos relacionados con el proceso de normalizaci\u00f3n entre los dos pa\u00edses\u00bb, a\u00f1adi\u00f3 el ministerio. Fin<\/p>\n","protected":false},"excerpt":{"rendered":"<p>BAK\u00da, 13 mar (Xinhua) &#8212; El Ministerio de Relaciones Exteriores de Azerbaiy\u00e1n anunci\u00f3 hoy que&#8230;<\/p>\n","protected":false},"author":1,"featured_media":0,"comment_status":"open","ping_status":"closed","sticky":false,"template":"","format":"standard","meta":{"footnotes":""},"categories":[1],"tags":[],"class_list":["post-12909","post","type-post","status-publish","format-standard","hentry","category-uncategorized"],"_links":{"self":[{"href":"https:\/\/viajamagazine.com\/index.php?rest_route=\/wp\/v2\/posts\/12909","targetHints":{"allow":["GET"]}}],"collection":[{"href":"https:\/\/viajamagazine.com\/index.php?rest_route=\/wp\/v2\/posts"}],"about":[{"href":"https:\/\/viajamagazine.com\/index.php?rest_route=\/wp\/v2\/types\/post"}],"author":[{"embeddable":true,"href":"https:\/\/viajamagazine.com\/index.php?rest_route=\/wp\/v2\/users\/1"}],"replies":[{"embeddable":true,"href":"https:\/\/viajamagazine.com\/index.php?rest_route=%2Fwp%2Fv2%2Fcomments&post=12909"}],"version-history":[{"count":1,"href":"https:\/\/viajamagazine.com\/index.php?rest_route=\/wp\/v2\/posts\/12909\/revisions"}],"predecessor-version":[{"id":12910,"href":"https:\/\/viajamagazine.com\/index.php?rest_route=\/wp\/v2\/posts\/12909\/revisions\/12910"}],"wp:attachment":[{"href":"https:\/\/viajamagazine.com\/index.php?rest_route=%2Fwp%2Fv2%2Fmedia&parent=12909"}],"wp:term":[{"taxonomy":"category","embeddable":true,"href":"https:\/\/viajamagazine.com\/index.php?rest_route=%2Fwp%2Fv2%2Fcategories&post=12909"},{"taxonomy":"post_tag","embeddable":true,"href":"https:\/\/viajamagazine.com\/index.php?rest_route=%2Fwp%2Fv2%2Ftags&post=12909"}],"curies":[{"name":"wp","href":"https:\/\/api.w.org\/{rel}","templated":true}]}}