{"id":11896,"date":"2025-03-12T12:59:12","date_gmt":"2025-03-12T18:59:12","guid":{"rendered":"https:\/\/viajamagazine.com\/?p=11896"},"modified":"2025-03-12T18:59:13","modified_gmt":"2025-03-12T18:59:13","slug":"atentado-terrorista-en-colombia-deja-varios-soldados-muertos-y-heridos","status":"publish","type":"post","link":"https:\/\/viajamagazine.com\/?p=11896","title":{"rendered":"Atentado terrorista en Colombia deja varios soldados muertos y heridos"},"content":{"rendered":"<p>BOGOT\u00c1, 11 mar (Xinhua) &#8212; El gobernador del departamento colombiano del Cauca, Octavio Guzm\u00e1n, confirm\u00f3 un ataque terrorista contra un veh\u00edculo del Ej\u00e9rcito que, seg\u00fan medios locales, dej\u00f3 al menos cinco soldados muertos y seis heridos en la noche de este martes. \u00abLamentamos profundamente el atentado contra nuestras unidades del Ej\u00e9rcito en la v\u00eda Balboa-El Estrecho. La violencia sigue arrebat\u00e1ndonos vidas y amenazando el futuro del Cauca\u00bb, se\u00f1al\u00f3 Guzm\u00e1n en su cuenta de la red social X. El dirigente asegur\u00f3 que dio instrucciones a la Secretar\u00eda de Salud departamental para activar todos los protocolos de emergencia y garantizar la atenci\u00f3n a los militares heridos. Al mismo tiempo, hizo un llamado al pa\u00eds para apoyar decididamente a la Fuerza P\u00fablica en su tarea de recuperar los territorios de las manos de los violentos. \u00abEl Cauca merece un futuro de desarrollo, prosperidad y bienestar, no m\u00e1s miedo ni muerte, no lo vamos a permitir\u00bb, advirti\u00f3. Por su parte, el ministro de Defensa colombiano, Pedro S\u00e1nchez, en su cuenta de X conden\u00f3 el ataque atribuido a la estructura Carlos Pati\u00f1o de las disidencias de las Fuerzas Armadas Revolucionarias de Colombia (FARC). \u00abSe ofrecen hasta 300 millones (de pesos) por informaci\u00f3n que permita establecer y capturar a los autores materiales e intelectuales de este atentado terrorista\u00bb, escribi\u00f3. A trav\u00e9s de redes sociales se ha difundido el video del veh\u00edculo destrozado por la carga explosiva en esta zona en d\u00f3nde los soldados trabajaban en la reconstrucci\u00f3n de un puente destruido recientemente por el grupo armado. Fin<\/p>\n","protected":false},"excerpt":{"rendered":"<p>BOGOT\u00c1, 11 mar (Xinhua) &#8212; El gobernador del departamento colombiano del Cauca, Octavio Guzm\u00e1n, confirm\u00f3&#8230;<\/p>\n","protected":false},"author":1,"featured_media":0,"comment_status":"open","ping_status":"closed","sticky":false,"template":"","format":"standard","meta":{"footnotes":""},"categories":[1],"tags":[],"class_list":["post-11896","post","type-post","status-publish","format-standard","hentry","category-uncategorized"],"_links":{"self":[{"href":"https:\/\/viajamagazine.com\/index.php?rest_route=\/wp\/v2\/posts\/11896","targetHints":{"allow":["GET"]}}],"collection":[{"href":"https:\/\/viajamagazine.com\/index.php?rest_route=\/wp\/v2\/posts"}],"about":[{"href":"https:\/\/viajamagazine.com\/index.php?rest_route=\/wp\/v2\/types\/post"}],"author":[{"embeddable":true,"href":"https:\/\/viajamagazine.com\/index.php?rest_route=\/wp\/v2\/users\/1"}],"replies":[{"embeddable":true,"href":"https:\/\/viajamagazine.com\/index.php?rest_route=%2Fwp%2Fv2%2Fcomments&post=11896"}],"version-history":[{"count":1,"href":"https:\/\/viajamagazine.com\/index.php?rest_route=\/wp\/v2\/posts\/11896\/revisions"}],"predecessor-version":[{"id":11897,"href":"https:\/\/viajamagazine.com\/index.php?rest_route=\/wp\/v2\/posts\/11896\/revisions\/11897"}],"wp:attachment":[{"href":"https:\/\/viajamagazine.com\/index.php?rest_route=%2Fwp%2Fv2%2Fmedia&parent=11896"}],"wp:term":[{"taxonomy":"category","embeddable":true,"href":"https:\/\/viajamagazine.com\/index.php?rest_route=%2Fwp%2Fv2%2Fcategories&post=11896"},{"taxonomy":"post_tag","embeddable":true,"href":"https:\/\/viajamagazine.com\/index.php?rest_route=%2Fwp%2Fv2%2Ftags&post=11896"}],"curies":[{"name":"wp","href":"https:\/\/api.w.org\/{rel}","templated":true}]}}