{"id":10267,"date":"2025-03-09T21:10:42","date_gmt":"2025-03-10T03:10:42","guid":{"rendered":"https:\/\/viajamagazine.com\/?p=10267"},"modified":"2025-03-10T03:10:43","modified_gmt":"2025-03-10T03:10:43","slug":"economistas-preven-desaceleracion-de-la-economia-brasilena-en-2025","status":"publish","type":"post","link":"https:\/\/viajamagazine.com\/?p=10267","title":{"rendered":"Economistas prev\u00e9n desaceleraci\u00f3n de la econom\u00eda brasile\u00f1a en 2025"},"content":{"rendered":"<p>R\u00cdO DE JANEIRO, 7 mar (Xinhua) &#8212; La econom\u00eda brasile\u00f1a crecer\u00e1 menos en 2025 despu\u00e9s de dos a\u00f1os consecutivos de aceleraci\u00f3n, aunque existen dudas sobre el tama\u00f1o de esa desaceleraci\u00f3n, aseguran a Xinhua economistas del sector privado y del Gobierno brasile\u00f1o tras conocerse hoy que el Producto Interior Bruto (PIB) del pa\u00eds creci\u00f3 un 3,4 por ciento en 2024, el mejor resultado desde 2021. Para la economista de la Fundaci\u00f3n Getulio Vargas (FGV) Silvia Matos, la econom\u00eda brasile\u00f1a crecer\u00e1 apenas un 1,5 por ciento en 2025. Matos se\u00f1al\u00f3 que el pa\u00eds est\u00e1 operando por debajo de su potencial, lo que abre el debate sobre el fin del ciclo de aumento de tasas de inter\u00e9s, sin necesidad de llevar la tasa b\u00e1sica de los actuales 13,25 por ciento a los 15 por ciento anuales previstos en la encuesta que semanalmente realiza el Banco Central. \u00abUn PIB m\u00e1s d\u00e9bil cambia la visi\u00f3n sobre una econom\u00eda fuerte, pero necesita una contribuci\u00f3n por parte del Gobierno. No se deben anunciar medidas contrac\u00edclicas en este momento. Esta desaceleraci\u00f3n es bienvenida desde el punto de vista del proceso inflacionario. Es el primer paso para que la inflaci\u00f3n pueda disminuir en los pr\u00f3ximos meses, y contrariar eso ser\u00eda negativo\u00bb, se\u00f1al\u00f3. Por su parte, Nat\u00e1lia Cotarelli, economista del banco Ita\u00fa, asegur\u00f3 que la instituci\u00f3n proyecta un crecimiento de 2,2 por ciento, cerca de la estimaci\u00f3n del Ministerio de Hacienda, que es de 2,3 por ciento. Cotarelli espera un primer trimestre m\u00e1s fuerte que el visto a finales de 2024, cuando el consumo de las familias disminuy\u00f3 por primera vez desde la pandemia. \u00abLa econom\u00eda sigue operando por encima de lo que consideramos su potencial, y esto no cambiar\u00e1 con la desaceleraci\u00f3n de este a\u00f1o, lo que representa un desaf\u00edo adicional para el Banco Central\u00bb, afirm\u00f3 Cotarelli. \u00abEsperamos que la desaceleraci\u00f3n en los trimestres siguientes sea menos intensa que la observada en el cuarto trimestre del a\u00f1o pasado\u00bb, coment\u00f3. Juliana Inhasz, economista del Insper, calcul\u00f3 que el PIB de Brasil crecer\u00e1 un 2 por ciento en 2025, a pesar de la ca\u00edda del consumo en el \u00faltimo trimestre de 2024, debido a la incertidumbre sobre el escenario tanto internacional como dom\u00e9stico. Seg\u00fan Inhasz, los datos preliminares indican que la desaceleraci\u00f3n del consumo en el \u00faltimo trimestre de 2024 se est\u00e1 invirtiendo a comienzos de este a\u00f1o, pero advierte que el panorama general para 2025 ser\u00e1 de un consumo m\u00e1s d\u00e9bil que en 2024. Sin embargo, no cree que esto signifique que se puedan reducir las tasas de inter\u00e9s este a\u00f1o. \u00abLa inflaci\u00f3n mostr\u00f3 ser resistente en el \u00faltimo trimestre de 2024, a pesar de la actividad m\u00e1s d\u00e9bil. La actividad econ\u00f3mica por s\u00ed sola no es suficiente para reducir las expectativas de inflaci\u00f3n y la inflaci\u00f3n real, y por lo tanto, no es condici\u00f3n suficiente para un alivio en la pol\u00edtica monetaria\u00bb, sostuvo. Mariano Monteiro, economista de SulAm\u00e9rica, prev\u00e9 que la desaceleraci\u00f3n continuar\u00e1 en 2025, aunque el primer trimestre a\u00fan se beneficiar\u00e1 del buen desempe\u00f1o del sector agropecuario. \u00abLos indicadores ya muestran se\u00f1ales sutiles de enfriamiento, pero sin indicios de colapso\u00bb, dice el economista, quien proyecta un crecimiento de 2 por ciento para el a\u00f1o. Por su parte, la Federaci\u00f3n de Industrias del Estado de R\u00edo de Janeiro (Firjan), a pesar del buen desempe\u00f1o en 2024, advierte que Brasil a\u00fan enfrenta \u00abcuestiones fundamentales\u00bb que impiden un crecimiento sostenido a largo plazo. La entidad se\u00f1ala que la tasa de inversi\u00f3n sigue \u00abmuy por debajo\u00bb de la media de los pa\u00edses emergentes (32 por ciento), alcanzando solo el 17 por ciento del PIB. \u00abEn este escenario, Firjan reafirma que el pa\u00eds debe construir una base s\u00f3lida que garantice un crecimiento econ\u00f3mico duradero\u00bb, apunta la entidad. \u00abLa adopci\u00f3n de una reforma fiscal robusta es esencial en este proceso, ya que permitir\u00e1 una asignaci\u00f3n m\u00e1s eficiente de los recursos p\u00fablicos\u00bb, concluy\u00f3. Fin<\/p>\n","protected":false},"excerpt":{"rendered":"<p>R\u00cdO DE JANEIRO, 7 mar (Xinhua) &#8212; La econom\u00eda brasile\u00f1a crecer\u00e1 menos en 2025 despu\u00e9s&#8230;<\/p>\n","protected":false},"author":1,"featured_media":0,"comment_status":"open","ping_status":"closed","sticky":false,"template":"","format":"standard","meta":{"footnotes":""},"categories":[2],"tags":[],"class_list":["post-10267","post","type-post","status-publish","format-standard","hentry","category-internacional"],"_links":{"self":[{"href":"https:\/\/viajamagazine.com\/index.php?rest_route=\/wp\/v2\/posts\/10267","targetHints":{"allow":["GET"]}}],"collection":[{"href":"https:\/\/viajamagazine.com\/index.php?rest_route=\/wp\/v2\/posts"}],"about":[{"href":"https:\/\/viajamagazine.com\/index.php?rest_route=\/wp\/v2\/types\/post"}],"author":[{"embeddable":true,"href":"https:\/\/viajamagazine.com\/index.php?rest_route=\/wp\/v2\/users\/1"}],"replies":[{"embeddable":true,"href":"https:\/\/viajamagazine.com\/index.php?rest_route=%2Fwp%2Fv2%2Fcomments&post=10267"}],"version-history":[{"count":1,"href":"https:\/\/viajamagazine.com\/index.php?rest_route=\/wp\/v2\/posts\/10267\/revisions"}],"predecessor-version":[{"id":10268,"href":"https:\/\/viajamagazine.com\/index.php?rest_route=\/wp\/v2\/posts\/10267\/revisions\/10268"}],"wp:attachment":[{"href":"https:\/\/viajamagazine.com\/index.php?rest_route=%2Fwp%2Fv2%2Fmedia&parent=10267"}],"wp:term":[{"taxonomy":"category","embeddable":true,"href":"https:\/\/viajamagazine.com\/index.php?rest_route=%2Fwp%2Fv2%2Fcategories&post=10267"},{"taxonomy":"post_tag","embeddable":true,"href":"https:\/\/viajamagazine.com\/index.php?rest_route=%2Fwp%2Fv2%2Ftags&post=10267"}],"curies":[{"name":"wp","href":"https:\/\/api.w.org\/{rel}","templated":true}]}}