{"id":10265,"date":"2025-03-09T21:10:25","date_gmt":"2025-03-10T03:10:25","guid":{"rendered":"https:\/\/viajamagazine.com\/?p=10265"},"modified":"2025-03-10T03:10:25","modified_gmt":"2025-03-10T03:10:25","slug":"director-del-banco-central-de-brasil-dice-que-es-necesario-enfriar-la-economia-contra-la-inflacion","status":"publish","type":"post","link":"https:\/\/viajamagazine.com\/?p=10265","title":{"rendered":"Director del Banco Central de Brasil dice que es necesario enfriar la econom\u00eda contra la inflaci\u00f3n"},"content":{"rendered":"<p>SAO PAULO, 7 mar (Xinhua) &#8212; El director de Pol\u00edtica Econ\u00f3mica del Banco Central de Brasil, Diogo Guill\u00e9n, afirm\u00f3 hoy viernes que para 2025 el pa\u00eds sudamericano necesitar\u00e1 desacelerar la actividad econ\u00f3mica para reducir la inflaci\u00f3n. \u00abTenemos que frenar un poco la econom\u00eda\u00bb, dijo Guillen al participar de un evento del Banco de Portugal, en Lisboa, reproducido por la prensa brasile\u00f1a. La inflaci\u00f3n de 2024 en Brasil fue del 4,8 por ciento, por encima del techo de la meta del 4,5 por ciento fijado por el Banco Central. El director de la entidad emisora indic\u00f3 que el Producto Interno Bruto de Brasil en 2024 avanz\u00f3 3,4 por ciento, debajo de lo esperado por el Gobierno, que hab\u00eda estimado un 3,5 por ciento, con desaceleraci\u00f3n en el \u00faltimo cuatrimestre. \u00abHay se\u00f1ales de que estamos viendo elementos de moderaci\u00f3n en la actividad econ\u00f3mica\u00bb, dijo Guill\u00e9n. El centro de la meta de inflaci\u00f3n para 2025 es del 3 por ciento con un margen de tolerancia de 1,5 puntos porcentuales. El directivo explic\u00f3 que el Banco Central est\u00e1 en un proceso de elevaci\u00f3n de la tasa de inter\u00e9s visto el nivel de actividad econ\u00f3mica con indicadores positivos como empleo, crecimiento y aumento de la renta de los trabajadores. Actualmente, la tasa de inter\u00e9s b\u00e1sica de la econom\u00eda de Brasil est\u00e1 en 13,25 por ciento. El Gobierno, en el marco de la lucha contra la inflaci\u00f3n de alimentos, determin\u00f3 anular aranceles para algunos productos con el objetivo de intentar reducir los precios al consumidor. Fin<\/p>\n","protected":false},"excerpt":{"rendered":"<p>SAO PAULO, 7 mar (Xinhua) &#8212; El director de Pol\u00edtica Econ\u00f3mica del Banco Central de&#8230;<\/p>\n","protected":false},"author":1,"featured_media":0,"comment_status":"open","ping_status":"closed","sticky":false,"template":"","format":"standard","meta":{"footnotes":""},"categories":[2],"tags":[],"class_list":["post-10265","post","type-post","status-publish","format-standard","hentry","category-internacional"],"_links":{"self":[{"href":"https:\/\/viajamagazine.com\/index.php?rest_route=\/wp\/v2\/posts\/10265","targetHints":{"allow":["GET"]}}],"collection":[{"href":"https:\/\/viajamagazine.com\/index.php?rest_route=\/wp\/v2\/posts"}],"about":[{"href":"https:\/\/viajamagazine.com\/index.php?rest_route=\/wp\/v2\/types\/post"}],"author":[{"embeddable":true,"href":"https:\/\/viajamagazine.com\/index.php?rest_route=\/wp\/v2\/users\/1"}],"replies":[{"embeddable":true,"href":"https:\/\/viajamagazine.com\/index.php?rest_route=%2Fwp%2Fv2%2Fcomments&post=10265"}],"version-history":[{"count":1,"href":"https:\/\/viajamagazine.com\/index.php?rest_route=\/wp\/v2\/posts\/10265\/revisions"}],"predecessor-version":[{"id":10266,"href":"https:\/\/viajamagazine.com\/index.php?rest_route=\/wp\/v2\/posts\/10265\/revisions\/10266"}],"wp:attachment":[{"href":"https:\/\/viajamagazine.com\/index.php?rest_route=%2Fwp%2Fv2%2Fmedia&parent=10265"}],"wp:term":[{"taxonomy":"category","embeddable":true,"href":"https:\/\/viajamagazine.com\/index.php?rest_route=%2Fwp%2Fv2%2Fcategories&post=10265"},{"taxonomy":"post_tag","embeddable":true,"href":"https:\/\/viajamagazine.com\/index.php?rest_route=%2Fwp%2Fv2%2Ftags&post=10265"}],"curies":[{"name":"wp","href":"https:\/\/api.w.org\/{rel}","templated":true}]}}